{"id":28017,"date":"2022-03-15T18:28:00","date_gmt":"2022-03-15T21:28:00","guid":{"rendered":"https:\/\/www.radiopresidenteibanez.cl\/web\/?p=28017"},"modified":"2022-03-15T17:30:33","modified_gmt":"2022-03-15T20:30:33","slug":"ministerio-de-las-culturas-abre-convocatoria-al-premio-margot-loyola-palacios-2022","status":"publish","type":"post","link":"https:\/\/www.radiopresidenteibanez.cl\/web\/ministerio-de-las-culturas-abre-convocatoria-al-premio-margot-loyola-palacios-2022\/","title":{"rendered":"MINISTERIO DE LAS CULTURAS ABRE CONVOCATORIA AL PREMIO MARGOT LOYOLA PALACIOS 2022"},"content":{"rendered":"\n<p>Tres personas destacadas&nbsp;por sus\ncomunidades como actores que hayan enriquecido la cultura tradicional y el\npatrimonio cultural inmaterial del pa\u00eds podr\u00e1n recibir este a\u00f1o el&nbsp;Premio\na la Trayectoria en Cultura Tradicional Margot Loyola Palacios, galard\u00f3n que\nentrega el Ministerio de las Culturas, las Artes y el Patrimonio&nbsp;y cuya\nconvocatoria 2022 ya est\u00e1 disponible. <\/p>\n\n\n\n<p>Las interesadas y los interesados podr\u00e1n\npostular&nbsp;hasta las 23:59 horas del pr\u00f3ximo&nbsp;15 de mayo. Para\nhacerlo&nbsp;deben&nbsp;escribir al correo electr\u00f3nico&nbsp;<a href=\"mailto:premiomargotloyola@patrimoniocultural.gob.cl\">premiomargotloyola@patrimoniocultural.gob.cl<\/a> e indicar en&nbsp;el asunto&nbsp;\u201cPremio a la Trayectoria\nen Cultura Tradicional Margot Loyola Palacios\u201d.&nbsp;<\/p>\n\n\n\n<p>La ministra de las Culturas, las Artes y\nel Patrimonio, Julieta Brodsky Hern\u00e1ndez, se\u00f1al\u00f3 que este reconocimiento \u201cbusca\ndestacar a cultoras, cultores, investigadoras e investigadores que rescatan la\nriqueza intercultural de Chile, contribuyendo con ello a la difusi\u00f3n y\nvaloraci\u00f3n de nuestra identidad plural y diversa\u201d.<\/p>\n\n\n\n<p>El monto asignado para cada una de las o los tres galardonados\/as\nser\u00e1 de tres millones de pesos ($3.000.000) y podr\u00e1n postular personas y agrupaciones de diversas disciplinas como\nartesan\u00eda, m\u00fasica, danza, folklore, literatura, circo tradicional y cocina\nchilena, en cualquiera de las siguientes l\u00edneas de trabajo: investigaci\u00f3n,\ncreaci\u00f3n y\/o formaci\u00f3n. <\/p>\n\n\n\n<p>Los candidatos y candidatas deben tener una trayectoria comprobada\nde m\u00e1s de 20 a\u00f1os en los \u00e1mbitos de la cultura tradicional y\/o el patrimonio\ncultural inmaterial. Por su parte, las personas naturales o jur\u00eddicas,\nfundaciones, asociaciones, universidades y municipalidades, entre otras\ninstituciones, podr\u00e1n tambi\u00e9n patrocinar y presentar un o una postulante en esta\ns\u00e9ptima edici\u00f3n.<\/p>\n\n\n\n<p>La lista de cultores\/as distinguidos\/as se cierra con la familia de\ncantores a lo poeta, Madariaga; el music\u00f3logo y muse\u00f3grafo Jos\u00e9 P\u00e9rez de Arce;\nel pedagogo y artesano Fernando Alfaro; la investigadora y cantora campesina,\nPatricia Chavarr\u00eda; el grupo La Chimuchina y los conjuntos folkl\u00f3ricos Tabake y\nCuncum\u00e9n. <\/p>\n","protected":false},"excerpt":{"rendered":"<p>Tres personas destacadas&nbsp;por sus comunidades como actores que hayan enriquecido la cultura tradicional y el patrimonio cultural inmaterial del pa\u00eds podr\u00e1n recibir este a\u00f1o el&nbsp;Premio a la Trayectoria en Cultura&#8230; <a class=\"read-more\" href=\"https:\/\/www.radiopresidenteibanez.cl\/web\/ministerio-de-las-culturas-abre-convocatoria-al-premio-margot-loyola-palacios-2022\/\">Leer m\u00e1s<\/a><\/p>\n","protected":false},"author":2,"featured_media":28018,"comment_status":"closed","ping_status":"closed","sticky":false,"template":"","format":"standard","meta":{"footnotes":""},"categories":[1],"tags":[],"class_list":["post-28017","post","type-post","status-publish","format-standard","has-post-thumbnail","hentry","category-cronica"],"_links":{"self":[{"href":"https:\/\/www.radiopresidenteibanez.cl\/web\/wp-json\/wp\/v2\/posts\/28017","targetHints":{"allow":["GET"]}}],"collection":[{"href":"https:\/\/www.radiopresidenteibanez.cl\/web\/wp-json\/wp\/v2\/posts"}],"about":[{"href":"https:\/\/www.radiopresidenteibanez.cl\/web\/wp-json\/wp\/v2\/types\/post"}],"author":[{"embeddable":true,"href":"https:\/\/www.radiopresidenteibanez.cl\/web\/wp-json\/wp\/v2\/users\/2"}],"replies":[{"embeddable":true,"href":"https:\/\/www.radiopresidenteibanez.cl\/web\/wp-json\/wp\/v2\/comments?post=28017"}],"version-history":[{"count":0,"href":"https:\/\/www.radiopresidenteibanez.cl\/web\/wp-json\/wp\/v2\/posts\/28017\/revisions"}],"wp:featuredmedia":[{"embeddable":true,"href":"https:\/\/www.radiopresidenteibanez.cl\/web\/wp-json\/wp\/v2\/media\/28018"}],"wp:attachment":[{"href":"https:\/\/www.radiopresidenteibanez.cl\/web\/wp-json\/wp\/v2\/media?parent=28017"}],"wp:term":[{"taxonomy":"category","embeddable":true,"href":"https:\/\/www.radiopresidenteibanez.cl\/web\/wp-json\/wp\/v2\/categories?post=28017"},{"taxonomy":"post_tag","embeddable":true,"href":"https:\/\/www.radiopresidenteibanez.cl\/web\/wp-json\/wp\/v2\/tags?post=28017"}],"curies":[{"name":"wp","href":"https:\/\/api.w.org\/{rel}","templated":true}]}}