{"id":280,"date":"2019-01-06T18:29:55","date_gmt":"2019-01-06T18:29:55","guid":{"rendered":"http:\/\/www.radiopresidenteibanez.cl\/web\/?p=280"},"modified":"2019-01-06T18:30:12","modified_gmt":"2019-01-06T18:30:12","slug":"municipio-entrego-obras-de-mejoramiento-de-la-plaza-progreso","status":"publish","type":"post","link":"https:\/\/www.radiopresidenteibanez.cl\/web\/municipio-entrego-obras-de-mejoramiento-de-la-plaza-progreso\/","title":{"rendered":"MUNICIPIO ENTREG\u00d3 OBRAS DE MEJORAMIENTO DE LA PLAZA PROGRESO"},"content":{"rendered":"\n<p>Despu\u00e9s de 6 meses de trabajos, se entreg\u00f3 a la comunidad\nlas obras de mejoramiento de la tradicional plaza Progreso, ubicada en la\nintersecci\u00f3n de las calles Maip\u00fa con Julia Garay. <\/p>\n\n\n\n<p>La iniciativa financiada por el Fondo Regional de Iniciativa\nLocal, FRIL, tuvo un costo cercano a los 69 millones de pesos e incluy\u00f3 la\ninstalaci\u00f3n de juegos tradicionales e inclusivos, mobiliario urbano, piso de\ncaucho e iluminaci\u00f3n.<\/p>\n\n\n\n<p>El alcalde Claudio Radonich, manifest\u00f3 su satisfacci\u00f3n al\nentregar esta obra en el tradicional sector, como parte de Plan Maestro de\n\u00c1reas Verdes. \u201cEste mes entregaremos otras nueve plazas, las que se suman a las\ncuatro que habilitamos en noviembre pasado. Adem\u00e1s trabajaremos fuertemente\npara intervenir otras 57 plazoletas durante este a\u00f1o\u201d.<\/p>\n\n\n\n<p>Las obras fueron ejecutadas por la empresa Ingenier\u00eda\nAustral Limitada, actuado como unidad t\u00e9cnica la Direcci\u00f3n de Obras\nMunicipales.<\/p>\n","protected":false},"excerpt":{"rendered":"<p>Despu\u00e9s de 6 meses de trabajos, se entreg\u00f3 a la comunidad las obras de mejoramiento de la tradicional plaza Progreso, ubicada en la intersecci\u00f3n de las calles Maip\u00fa con Julia&#8230; <a class=\"read-more\" href=\"https:\/\/www.radiopresidenteibanez.cl\/web\/municipio-entrego-obras-de-mejoramiento-de-la-plaza-progreso\/\">Leer m\u00e1s<\/a><\/p>\n","protected":false},"author":2,"featured_media":281,"comment_status":"closed","ping_status":"closed","sticky":false,"template":"","format":"standard","meta":{"footnotes":""},"categories":[1],"tags":[],"class_list":["post-280","post","type-post","status-publish","format-standard","has-post-thumbnail","hentry","category-cronica"],"_links":{"self":[{"href":"https:\/\/www.radiopresidenteibanez.cl\/web\/wp-json\/wp\/v2\/posts\/280","targetHints":{"allow":["GET"]}}],"collection":[{"href":"https:\/\/www.radiopresidenteibanez.cl\/web\/wp-json\/wp\/v2\/posts"}],"about":[{"href":"https:\/\/www.radiopresidenteibanez.cl\/web\/wp-json\/wp\/v2\/types\/post"}],"author":[{"embeddable":true,"href":"https:\/\/www.radiopresidenteibanez.cl\/web\/wp-json\/wp\/v2\/users\/2"}],"replies":[{"embeddable":true,"href":"https:\/\/www.radiopresidenteibanez.cl\/web\/wp-json\/wp\/v2\/comments?post=280"}],"version-history":[{"count":0,"href":"https:\/\/www.radiopresidenteibanez.cl\/web\/wp-json\/wp\/v2\/posts\/280\/revisions"}],"wp:featuredmedia":[{"embeddable":true,"href":"https:\/\/www.radiopresidenteibanez.cl\/web\/wp-json\/wp\/v2\/media\/281"}],"wp:attachment":[{"href":"https:\/\/www.radiopresidenteibanez.cl\/web\/wp-json\/wp\/v2\/media?parent=280"}],"wp:term":[{"taxonomy":"category","embeddable":true,"href":"https:\/\/www.radiopresidenteibanez.cl\/web\/wp-json\/wp\/v2\/categories?post=280"},{"taxonomy":"post_tag","embeddable":true,"href":"https:\/\/www.radiopresidenteibanez.cl\/web\/wp-json\/wp\/v2\/tags?post=280"}],"curies":[{"name":"wp","href":"https:\/\/api.w.org\/{rel}","templated":true}]}}