{"id":2799,"date":"2019-03-29T14:29:58","date_gmt":"2019-03-29T14:29:58","guid":{"rendered":"http:\/\/www.radiopresidenteibanez.cl\/web\/?p=2799"},"modified":"2019-03-29T14:30:18","modified_gmt":"2019-03-29T14:30:18","slug":"folclor-y-musica-mexicana-se-tomaran-el-escenario-de-la-expomundorural-2019","status":"publish","type":"post","link":"https:\/\/www.radiopresidenteibanez.cl\/web\/folclor-y-musica-mexicana-se-tomaran-el-escenario-de-la-expomundorural-2019\/","title":{"rendered":"FOLCLOR Y M\u00daSICA MEXICANA SE TOMAR\u00c1N EL ESCENARIO DE LA EXPOMUNDORURAL 2019"},"content":{"rendered":"\n<p>La\ndanza y el canto con ra\u00edces folcl\u00f3ricas y de m\u00fasica popular, han sido los\nprotagonistas en cada show art\u00edstico que ofrece la ExpoMundoRural, una\noportunidad en la que artistas locales y nacionales, muestran lo mejor de su\nrepertorio para animar la fiesta de quienes hacen posible la agricultura\nfamiliar campesina en Magallanes.<\/p>\n\n\n\n<p>Y,\neste a\u00f1o, no ser\u00e1 la excepci\u00f3n, porque arriba del escenario de la\nExpoMundoRural &nbsp;habr\u00e1 folclor patag\u00f3nico\ny, de plato fuerte, un tributo a la m\u00fasica mexicana que estar\u00e1 a cargo del\ncantante nacional, Rodrigo Tapia, conocido como \u201cel charro de Chile\u201d, quien ha\nrecorrido la regi\u00f3n animando distintos festivales y fiestas costumbristas. Su\npresentaci\u00f3n est\u00e1 programada para el d\u00eda s\u00e1bado 30 a las 17.30 horas.<\/p>\n\n\n\n<p>\u201cEstoy\nagradecido de volver despu\u00e9s de tanto tiempo, porque he ido mucho a Punta\nArenas y a Magallanes. He estado en el Festival Folcl\u00f3rico en la Patagonia, en\nlas Jornadas por la Rehabilitaci\u00f3n y diferentes fiestas costumbristas, as\u00ed que\nvolver nuevamente con la m\u00fasica mexicana me tiene muy contento, m\u00e1s en una Expo\nde esta magnitud\u201d, expres\u00f3 el artista a s\u00f3lo un d\u00eda de su presentaci\u00f3n en el\nevento.<\/p>\n\n\n\n<p>Acerca\nde su repertorio, adelant\u00f3 que ser\u00e1 \u201cun show muy especial\u201d marcado por las\ncanciones de consolidados artistas mexicanos como Juan Gabriel y Vicente y\nAlejandro Fern\u00e1ndez. \u201cCreo que la m\u00fasica mexicana pasa a ser nuestro segundo\nfolclor, porque tanto en el norte como en el sur se escucha mucho, por eso\nvamos a hacer una mezcla de todos los artistas m\u00e1s conocidos en M\u00e9xico y toda\nla m\u00fasica popular que tanto gusta. Dejar cordialmente invitada a toda la gente\nque vaya, va a estar muy entretenido\u201d, agreg\u00f3.<\/p>\n\n\n\n<p>El\nClan Quincham\u00e1n, la Agrupaci\u00f3n Cuequera Esmeralda, Esteban \u201cChepo Sep\u00falveda\u201d,\nDanilo Montes y \u00d3scar Galindo, el ballet Leashken y Carolina Saldivia ser\u00e1n\nalgunos de los n\u00fameros regionales que estar\u00e1n presentes en esta ExpoMundoRural\n2019.<\/p>\n\n\n\n<p><strong>Escenario\nexterior<\/strong><\/p>\n\n\n\n<p>Y para amenizar las actividades al\naire libre, se habilitar\u00e1 tambi\u00e9n un espacio en el exterior del recinto, donde\nla m\u00fasica y el baile acompa\u00f1ar\u00e1n el desarrollo de los juegos t\u00edpicos, los\ntalleres de siembra para ni\u00f1os y la degustaci\u00f3n del tradicional asado de\ncordero al palo. <\/p>\n\n\n\n<p>La entrada es liberada.<\/p>\n\n\n\n<figure class=\"wp-block-image\"><img loading=\"lazy\" decoding=\"async\" width=\"960\" height=\"640\" src=\"http:\/\/www.radiopresidenteibanez.cl\/web\/wp-content\/uploads\/2019\/03\/image1.jpeg\" alt=\"\" class=\"wp-image-2800\" srcset=\"https:\/\/www.radiopresidenteibanez.cl\/web\/wp-content\/uploads\/2019\/03\/image1.jpeg 960w, https:\/\/www.radiopresidenteibanez.cl\/web\/wp-content\/uploads\/2019\/03\/image1-300x200.jpeg 300w, https:\/\/www.radiopresidenteibanez.cl\/web\/wp-content\/uploads\/2019\/03\/image1-768x512.jpeg 768w\" sizes=\"auto, (max-width: 960px) 100vw, 960px\" \/><\/figure>\n","protected":false},"excerpt":{"rendered":"<p>La danza y el canto con ra\u00edces folcl\u00f3ricas y de m\u00fasica popular, han sido los protagonistas en cada show art\u00edstico que ofrece la ExpoMundoRural, una oportunidad en la que artistas&#8230; <a class=\"read-more\" href=\"https:\/\/www.radiopresidenteibanez.cl\/web\/folclor-y-musica-mexicana-se-tomaran-el-escenario-de-la-expomundorural-2019\/\">Leer m\u00e1s<\/a><\/p>\n","protected":false},"author":2,"featured_media":2800,"comment_status":"closed","ping_status":"closed","sticky":false,"template":"","format":"standard","meta":{"footnotes":""},"categories":[1],"tags":[],"class_list":["post-2799","post","type-post","status-publish","format-standard","has-post-thumbnail","hentry","category-cronica"],"_links":{"self":[{"href":"https:\/\/www.radiopresidenteibanez.cl\/web\/wp-json\/wp\/v2\/posts\/2799","targetHints":{"allow":["GET"]}}],"collection":[{"href":"https:\/\/www.radiopresidenteibanez.cl\/web\/wp-json\/wp\/v2\/posts"}],"about":[{"href":"https:\/\/www.radiopresidenteibanez.cl\/web\/wp-json\/wp\/v2\/types\/post"}],"author":[{"embeddable":true,"href":"https:\/\/www.radiopresidenteibanez.cl\/web\/wp-json\/wp\/v2\/users\/2"}],"replies":[{"embeddable":true,"href":"https:\/\/www.radiopresidenteibanez.cl\/web\/wp-json\/wp\/v2\/comments?post=2799"}],"version-history":[{"count":0,"href":"https:\/\/www.radiopresidenteibanez.cl\/web\/wp-json\/wp\/v2\/posts\/2799\/revisions"}],"wp:featuredmedia":[{"embeddable":true,"href":"https:\/\/www.radiopresidenteibanez.cl\/web\/wp-json\/wp\/v2\/media\/2800"}],"wp:attachment":[{"href":"https:\/\/www.radiopresidenteibanez.cl\/web\/wp-json\/wp\/v2\/media?parent=2799"}],"wp:term":[{"taxonomy":"category","embeddable":true,"href":"https:\/\/www.radiopresidenteibanez.cl\/web\/wp-json\/wp\/v2\/categories?post=2799"},{"taxonomy":"post_tag","embeddable":true,"href":"https:\/\/www.radiopresidenteibanez.cl\/web\/wp-json\/wp\/v2\/tags?post=2799"}],"curies":[{"name":"wp","href":"https:\/\/api.w.org\/{rel}","templated":true}]}}