{"id":27970,"date":"2022-03-12T12:38:00","date_gmt":"2022-03-12T15:38:00","guid":{"rendered":"https:\/\/www.radiopresidenteibanez.cl\/web\/?p=27970"},"modified":"2022-03-12T12:20:57","modified_gmt":"2022-03-12T15:20:57","slug":"alejandro-kusanovic-jura-como-senador-en-valparaiso","status":"publish","type":"post","link":"https:\/\/www.radiopresidenteibanez.cl\/web\/alejandro-kusanovic-jura-como-senador-en-valparaiso\/","title":{"rendered":"ALEJANDRO KUSANOVIC JURA COMO SENADOR EN VALPARAISO."},"content":{"rendered":"\n<p>Senador Alejandro Kusanovic: \u00abNuestro gran desaf\u00edo es recuperar parte del mundo libre que hemos perdido\u00bb<\/p>\n\n\n\n<p>Alejandro Kusanovic jur\u00f3 esta ma\u00f1ana como senador,&nbsp; dando inicio de esta&nbsp; forma a su trabajo parlamentario a favor de Magallanes. Hizo ver que se trata de un periodo legislativo complejo que requiere de la unidad y la reflexi\u00f3n de los partidos pol\u00edticos.<\/p>\n\n\n\n<p>\u00a0\u00abEl nuevo per\u00edodo legislativo se inicia con una de las crisis pol\u00edticas m\u00e1s grandes de los \u00faltimos a\u00f1os en nuestro querido Pa\u00eds. Esto implica que los partidos pol\u00edticos tradicionales y en especial Renovaci\u00f3n Nacional como el partido m\u00e1s grande tienen una gran responsabilidad en nuestro futuro. Debemos todos realizar una gran reflexi\u00f3n de las causas reales de esta crisis, desarrollando las soluciones necesarias para corregir los grandes problemas en Salud, Jubilaci\u00f3n, Educaci\u00f3n, Vivienda, Corrupci\u00f3n, etc., eliminando de esta forma las injusticias y los abusos que han destruido en parte nuestra libertad y que nos indigna tanto a todos.<\/p>\n\n\n\n<p>\u00abFrente a esto, nuestro gran desafio es recuperar parte del Mundo Libre que hemos perdido en las \u00faltimas d\u00e9cadas.\u00bb<\/p>\n\n\n\n<p>Tras asumir como parlamentario en el Congreso Nacional, Kusanovic integr\u00f3 la comisi\u00f3n de p\u00f3rtico que recibi\u00f3 a los mandatarios y las delegaciones extranjeras que asistieron a la ceremonia en que asumi\u00f3 la Presidencia de la Rep\u00fablica el tambi\u00e9n magallanico Gabriel Boric Font<\/p>\n","protected":false},"excerpt":{"rendered":"<p>Senador Alejandro Kusanovic: \u00abNuestro gran desaf\u00edo es recuperar parte del mundo libre que hemos perdido\u00bb Alejandro Kusanovic jur\u00f3 esta ma\u00f1ana como senador,&nbsp; dando inicio de esta&nbsp; forma a su trabajo&#8230; <a class=\"read-more\" href=\"https:\/\/www.radiopresidenteibanez.cl\/web\/alejandro-kusanovic-jura-como-senador-en-valparaiso\/\">Leer m\u00e1s<\/a><\/p>\n","protected":false},"author":2,"featured_media":27971,"comment_status":"closed","ping_status":"closed","sticky":false,"template":"","format":"standard","meta":{"footnotes":""},"categories":[1],"tags":[],"class_list":["post-27970","post","type-post","status-publish","format-standard","has-post-thumbnail","hentry","category-cronica"],"_links":{"self":[{"href":"https:\/\/www.radiopresidenteibanez.cl\/web\/wp-json\/wp\/v2\/posts\/27970","targetHints":{"allow":["GET"]}}],"collection":[{"href":"https:\/\/www.radiopresidenteibanez.cl\/web\/wp-json\/wp\/v2\/posts"}],"about":[{"href":"https:\/\/www.radiopresidenteibanez.cl\/web\/wp-json\/wp\/v2\/types\/post"}],"author":[{"embeddable":true,"href":"https:\/\/www.radiopresidenteibanez.cl\/web\/wp-json\/wp\/v2\/users\/2"}],"replies":[{"embeddable":true,"href":"https:\/\/www.radiopresidenteibanez.cl\/web\/wp-json\/wp\/v2\/comments?post=27970"}],"version-history":[{"count":0,"href":"https:\/\/www.radiopresidenteibanez.cl\/web\/wp-json\/wp\/v2\/posts\/27970\/revisions"}],"wp:featuredmedia":[{"embeddable":true,"href":"https:\/\/www.radiopresidenteibanez.cl\/web\/wp-json\/wp\/v2\/media\/27971"}],"wp:attachment":[{"href":"https:\/\/www.radiopresidenteibanez.cl\/web\/wp-json\/wp\/v2\/media?parent=27970"}],"wp:term":[{"taxonomy":"category","embeddable":true,"href":"https:\/\/www.radiopresidenteibanez.cl\/web\/wp-json\/wp\/v2\/categories?post=27970"},{"taxonomy":"post_tag","embeddable":true,"href":"https:\/\/www.radiopresidenteibanez.cl\/web\/wp-json\/wp\/v2\/tags?post=27970"}],"curies":[{"name":"wp","href":"https:\/\/api.w.org\/{rel}","templated":true}]}}