{"id":27967,"date":"2022-03-12T11:16:00","date_gmt":"2022-03-12T14:16:00","guid":{"rendered":"https:\/\/www.radiopresidenteibanez.cl\/web\/?p=27967"},"modified":"2022-03-12T12:17:20","modified_gmt":"2022-03-12T15:17:20","slug":"boletin-informativo-matinal-5","status":"publish","type":"post","link":"https:\/\/www.radiopresidenteibanez.cl\/web\/boletin-informativo-matinal-5\/","title":{"rendered":"BOLETIN INFORMATIVO MATINAL"},"content":{"rendered":"\n<p>\n\nSANTIAGO.- El Presidente Gabriel Boric recibi\u00f3 los honores y<br>la bienvenida por parte de la Guardia de Palacio, y junto a<br>la primera dama Irina Karamanos, hizo su ingreso, por primera<br>vez como Presidente de Chile, al Palacio de La Moneda. Antes<br>de ingresar a La Moneda, el Presidente Boric se dirigi\u00f3 hacia<br>la estatua del Presidente Salvador Allende, frente a la cual<br>hizo un gesto de respeto.<\/p>\n\n\n\n<p>SANTIAGO.- Asimismo, el nuevo mandatario camin\u00f3 por la Plaza<br>de la Constituci\u00f3n y salud\u00f3 a quienes llegaron a darle la<br>bienvenida a La Moneda: su primera acci\u00f3n fue saludar y<br>tomarse una \u00abselfie\u00bb con una ni\u00f1a que lo esperaba. A la<br>Moneda, Boric lleg\u00f3 a bordo del descapotable y en camino<br>hacia La Moneda, salud\u00f3 a la gente que lo esper\u00f3, con el pu\u00f1o<br>apretado y la mano en alto.<\/p>\n\n\n\n<p>VALPARAISO.- Previamente, Boric jur\u00f3 como nuevo Presidente de<br>la Rep\u00fablica de Chile a las 12 horas 24 minutos. Al<br>requerimiento del Presidente del Senado, Alvaro Elizalde, de<br>cumplir con las leyes del pa\u00eds y su Constituci\u00f3n, el nuevo<br>Jefe de Estado respondi\u00f3: \u00abAnte el pueblo y los pueblos de<br>Chile, s\u00ed, prometo\u00bb.<\/p>\n\n\n\n<p>VALPARAISO.- Tras ese simb\u00f3lico acto, Sebasti\u00e1n Pi\u00f1era,<br>entreg\u00f3 la banda presidencial al Presidente del Senado, quien<br>fue encargado de colocarla al nuevo Mandatario. Mientras<br>tanto, Pi\u00f1era le traspas\u00f3 la piocha de O&#8217;Higgins, s\u00edmbolo de<br>la entrega del poder.<\/p>\n\n\n\n<p>VALPARAISO.- Boric, en Valpara\u00edso, dedic\u00f3 sus primeras<br>palabras como Mandatario se\u00f1alando que \u00absepan que vamos a dar<br>lo mejor de nosotros para estar a la altura del desaf\u00edo que<br>tenemos como pa\u00eds. La verdad, es dif\u00edcil encontrar las<br>palabras, voy a dirigirme a nuestro pa\u00eds en la plaza de la<br>Constituci\u00f3n hoy d\u00eda, ah\u00ed podr\u00e9 desarrollar m\u00e1s, y muchas<br>gracias tambi\u00e9n a la prensa que cumple una esencial labor de<br>siempre cuestionar al poder\u00bb, afirm\u00f3 Boric.<\/p>\n\n\n\n<p>SANTIAGO.- La fotograf\u00eda oficial del Presidente Gabriel Boric<br>fue dada a conocer, donde se puede ver al mandatario con un<br>traje, sin corbata y con el mar de fondo y busca expresar<br>\u00abotras sensaciones a la ciudadan\u00eda\u00bb. La foto oficial del<br>Presidente fue tomada hace unos d\u00edas en Tunqu\u00e9n, en la Regi\u00f3n<br>de Valpara\u00edso. El registro deber\u00e1 ser expuesto en cada<br>repartici\u00f3n p\u00fablica, desde ministerios a escuelas.<\/p>\n\n\n\n<p>SANTIAGO.- En su \u00faltima jornada como Presidente de la<br>Rep\u00fablica, Sebasti\u00e1n Pi\u00f1era le dese\u00f3 suerte a Gabriel Boric y<br>asegur\u00f3 que deja el puesto con la sensaci\u00f3n del \u00abdeber<br>cumplido\u00bb. Desde La Moneda, indic\u00f3 que se va con \u00abnostalgia,<br>orgullo de los chilenos y tambi\u00e9n un sentido del deber<br>cumplido.<\/p>\n\n\n\n<p>SANTIAGO.- El ahora ex Mandatario a\u00f1adi\u00f3 que \u00abporque si bien<br>nos toc\u00f3 enfrentar tantas dificultades, siento en el fondo<br>del alma que los chilenos supimos enfrentar bien, con coraje,<br>con nobleza, con resiliencia, todas las adversidades que se<br>nos cruzaron en el camino\u00bb. \u00abA partir de unas horas m\u00e1s<br>tendremos un nuevo Presidente. Le deseo la mejor de las<br>suertes al Presidente Gabriel Boric y a su gobierno\u00bb,<br>plante\u00f3.<\/p>\n\n\n\n<p>SANTIAGO.- Antes de entregar la presidencial a Gabriel Boric,<br>el Gobierno del Presidente Sebasti\u00e1n Pi\u00f1era ingres\u00f3 las dos<br>\u00faltimas leyes de su administraci\u00f3n. Se trata de los proyectos<br>de empleo p\u00fablico y de ley Florencia. Seg\u00fan se\u00f1alaron fuentes<br>de Palacio, el saliente subsecretario de la Segpres, M\u00e1ximo<br>Pavez, se contact\u00f3 con la prosecretar\u00eda para concretar el<br>ingreso de ambas iniciativas.<\/p>\n\n\n\n<p>SANTIAGO.- El nuevo ministro de Agricultura, Esteban<br>Valenzuela, FRVS, reiter\u00f3 sus disculpas por el video que se<br>difundi\u00f3 en el que se lo ve insultando a un trabajador de una<br>empresa agr\u00edcola en la Regi\u00f3n de O&#8217;Higgins. \u00abPedimos<br>disculpas por el tono, ahora, era un momento de indignaci\u00f3n,<br>porque nos ten\u00edan casi secuestrados esta empresa paltera que<br>hab\u00eda\u00bb, remarc\u00f3 Valenzuela.\n\n<\/p>\n","protected":false},"excerpt":{"rendered":"<p>SANTIAGO.- El Presidente Gabriel Boric recibi\u00f3 los honores yla bienvenida por parte de la Guardia de Palacio, y junto ala primera dama Irina Karamanos, hizo su ingreso, por primeravez como&#8230; <a class=\"read-more\" href=\"https:\/\/www.radiopresidenteibanez.cl\/web\/boletin-informativo-matinal-5\/\">Leer m\u00e1s<\/a><\/p>\n","protected":false},"author":2,"featured_media":27968,"comment_status":"closed","ping_status":"closed","sticky":false,"template":"","format":"standard","meta":{"footnotes":""},"categories":[1],"tags":[],"class_list":["post-27967","post","type-post","status-publish","format-standard","has-post-thumbnail","hentry","category-cronica"],"_links":{"self":[{"href":"https:\/\/www.radiopresidenteibanez.cl\/web\/wp-json\/wp\/v2\/posts\/27967","targetHints":{"allow":["GET"]}}],"collection":[{"href":"https:\/\/www.radiopresidenteibanez.cl\/web\/wp-json\/wp\/v2\/posts"}],"about":[{"href":"https:\/\/www.radiopresidenteibanez.cl\/web\/wp-json\/wp\/v2\/types\/post"}],"author":[{"embeddable":true,"href":"https:\/\/www.radiopresidenteibanez.cl\/web\/wp-json\/wp\/v2\/users\/2"}],"replies":[{"embeddable":true,"href":"https:\/\/www.radiopresidenteibanez.cl\/web\/wp-json\/wp\/v2\/comments?post=27967"}],"version-history":[{"count":0,"href":"https:\/\/www.radiopresidenteibanez.cl\/web\/wp-json\/wp\/v2\/posts\/27967\/revisions"}],"wp:featuredmedia":[{"embeddable":true,"href":"https:\/\/www.radiopresidenteibanez.cl\/web\/wp-json\/wp\/v2\/media\/27968"}],"wp:attachment":[{"href":"https:\/\/www.radiopresidenteibanez.cl\/web\/wp-json\/wp\/v2\/media?parent=27967"}],"wp:term":[{"taxonomy":"category","embeddable":true,"href":"https:\/\/www.radiopresidenteibanez.cl\/web\/wp-json\/wp\/v2\/categories?post=27967"},{"taxonomy":"post_tag","embeddable":true,"href":"https:\/\/www.radiopresidenteibanez.cl\/web\/wp-json\/wp\/v2\/tags?post=27967"}],"curies":[{"name":"wp","href":"https:\/\/api.w.org\/{rel}","templated":true}]}}