{"id":27964,"date":"2022-03-12T10:09:00","date_gmt":"2022-03-12T13:09:00","guid":{"rendered":"https:\/\/www.radiopresidenteibanez.cl\/web\/?p=27964"},"modified":"2022-03-12T12:13:47","modified_gmt":"2022-03-12T15:13:47","slug":"en-intima-ceremonia-luz-bermudez-asumio-como-delegada-presidencial-regional-de-magallanes","status":"publish","type":"post","link":"https:\/\/www.radiopresidenteibanez.cl\/web\/en-intima-ceremonia-luz-bermudez-asumio-como-delegada-presidencial-regional-de-magallanes\/","title":{"rendered":"EN INTIMA CEREMONIA LUZ BERMUDEZ ASUMIO COMO DELEGADA PRESIDENCIAL REGIONAL DE MAGALLANES"},"content":{"rendered":"\n<p>Al medio d\u00eda de ayer asumi\u00f3 su cargo como la nueva Delegada Presidencial Regional de Magallanes, Luz Berm\u00fadez Sandoval.<\/p>\n\n\n\n<p>En la ceremonia, realizada en la\n\u201cCasa de los Intendentes\u201d, tuvo lugar la firma del Acta de Entrega y Recepci\u00f3n,\ndurante la cual la Delegada saliente, Jenniffer Rojas Garc\u00eda, y la Delegada\nentrante, Luz Berm\u00fadez Sandoval, procedieron a la suscripci\u00f3n del Acta de\nEntrega y Recepci\u00f3n de la dotaci\u00f3n, los bienes inmuebles, muebles, equipos y\ndocumentos de gesti\u00f3n.<\/p>\n\n\n\n<p>En la oportunidad la Delegada\nPresidencial Regional, Luz Berm\u00fadez Sandoval, manifest\u00f3 su agradecimiento y\norgullo de que el Presidente de la Rep\u00fablica Gabriel Boric Font, le haya\nasignado la responsabilidad de representarlo en esta regi\u00f3n, que cobra mayor\nimportancia al tratarse del primer Presidente magall\u00e1nico, quien ha estado trabajando\nmuy de cerca todo el proceso de instalaci\u00f3n. \u201cEntendemos el desaf\u00edo de la\nseguridad, de la confianza, que le vamos a transmitir ac\u00e1 y sacar adelante el\nprograma de gobierno, que fue por el cual la gente nos dio su aprobaci\u00f3n y nos\ndej\u00f3 esta tarea de gobernar en base a lo que nos propusimos desde nuestro\nprograma de gobierno\u201d, manifest\u00f3 la autoridad.<\/p>\n\n\n\n<p>Al ser consultada respecto al\nproceso de instalaci\u00f3n, la Delegada Berm\u00fadez, respondi\u00f3 que \u201cHemos recibido\nmucho apoyo de la ciudadan\u00eda que entiende que hay un proceso de instalaci\u00f3n,\npero tambi\u00e9n sabemos que estamos en el camino de las transformaciones, as\u00ed est\u00e1\nen los lineamientos de programa de nuestro gobierno y sabemos que est\u00e1n todas\nlas voluntades para sacarlo adelante y para poder cumplir con el mayor\nporcentaje de todo lo que nos hemos propuesto como medida de gobierno\u201d.<\/p>\n\n\n\n<p>En cuanto a las prioridades, la\nDelegada enfatiz\u00f3 en el tema de la seguridad y el de la descentralizaci\u00f3n,\ntemas en los que ya se ha estado avanzando, explicando que \u201csin duda la\nseguridad es un tema importante y de ah\u00ed que desde el Ministerio del Interior\nhemos estado trabajando, encaminando, porque entendemos que la seguridad tiene\nque ver con el buen vivir de cada uno y de cada una. Por otra parte la\ndescentralizaci\u00f3n es un camino s\u00faper importante. Somos un gobierno que nos\nplanteamos desde la descentralizaci\u00f3n, esperando con expectativa lo que ser\u00e1 el\nproceso constituyente y c\u00f3mo esto nos va a favorecer, pero tambi\u00e9n entendiendo\nc\u00f3mo descentralizamos nuestra regi\u00f3n, potenciando las provincias y todo lo que\nva a significar esta mirada y, que sin duda, tener un Presidente de Magallanes\nnos va a permitir avanzar mucho en esa tarea\u201d.<\/p>\n\n\n\n<p>En lo que se refiere al nexo con el\nGobernador regional, Jorge Flies A\u00f1\u00f3n, la Delegada Presidencial detall\u00f3 que \u201cme\nllam\u00f3 inmediatamente cuando supo de mi nombramiento, se puso a disposici\u00f3n y\ntambi\u00e9n est\u00e1 toda mi cooperaci\u00f3n, que ha sido el compromiso de c\u00f3mo nosotros\ndesde el gobierno validamos tambi\u00e9n que ha sido electo por la ciudadan\u00eda, que\nvot\u00f3 y eligi\u00f3 y creemos que es importante potenciar y colaborar mutuamente para\nsacar adelante, porque sin duda eso le hace bien a la regi\u00f3n\u201d.<\/p>\n\n\n\n<p>Una de las banderas distintivas\ndel gobierno del Presidente Gabriel Boric, es el lugar destacado que le da al\nfeminismo.&nbsp; La Delegada Luz Berm\u00fadez lo\nrefuerza, expresando que \u201cEs un gobierno feminista y eso me llena de orgullo.\nMe llena de orgullo que ac\u00e1 en Magallanes seamos puras delegadas mujeres. Eso\nes un sello importante y eso se va a notar transversalmente, en las distintas\npol\u00edticas, en los distintos Seremis, en los distintos ministerios, esperamos\nque el feminismo pueda ayudar en que las demandas vayan ayudando a las mujeres\ndesde las distintas perspectivas\u201d.<\/p>\n\n\n\n<p>Finalmente,\ncon respecto al anuncio de Seremis de Gobierno, aclar\u00f3 que ser\u00e1n anunciados en\nlos d\u00edas siguientes, de acuerdo a los plazos que se acostumbran establecer. <\/p>\n","protected":false},"excerpt":{"rendered":"<p>Al medio d\u00eda de ayer asumi\u00f3 su cargo como la nueva Delegada Presidencial Regional de Magallanes, Luz Berm\u00fadez Sandoval. En la ceremonia, realizada en la \u201cCasa de los Intendentes\u201d, tuvo&#8230; <a class=\"read-more\" href=\"https:\/\/www.radiopresidenteibanez.cl\/web\/en-intima-ceremonia-luz-bermudez-asumio-como-delegada-presidencial-regional-de-magallanes\/\">Leer m\u00e1s<\/a><\/p>\n","protected":false},"author":2,"featured_media":27965,"comment_status":"closed","ping_status":"closed","sticky":false,"template":"","format":"standard","meta":{"footnotes":""},"categories":[1],"tags":[],"class_list":["post-27964","post","type-post","status-publish","format-standard","has-post-thumbnail","hentry","category-cronica"],"_links":{"self":[{"href":"https:\/\/www.radiopresidenteibanez.cl\/web\/wp-json\/wp\/v2\/posts\/27964","targetHints":{"allow":["GET"]}}],"collection":[{"href":"https:\/\/www.radiopresidenteibanez.cl\/web\/wp-json\/wp\/v2\/posts"}],"about":[{"href":"https:\/\/www.radiopresidenteibanez.cl\/web\/wp-json\/wp\/v2\/types\/post"}],"author":[{"embeddable":true,"href":"https:\/\/www.radiopresidenteibanez.cl\/web\/wp-json\/wp\/v2\/users\/2"}],"replies":[{"embeddable":true,"href":"https:\/\/www.radiopresidenteibanez.cl\/web\/wp-json\/wp\/v2\/comments?post=27964"}],"version-history":[{"count":0,"href":"https:\/\/www.radiopresidenteibanez.cl\/web\/wp-json\/wp\/v2\/posts\/27964\/revisions"}],"wp:featuredmedia":[{"embeddable":true,"href":"https:\/\/www.radiopresidenteibanez.cl\/web\/wp-json\/wp\/v2\/media\/27965"}],"wp:attachment":[{"href":"https:\/\/www.radiopresidenteibanez.cl\/web\/wp-json\/wp\/v2\/media?parent=27964"}],"wp:term":[{"taxonomy":"category","embeddable":true,"href":"https:\/\/www.radiopresidenteibanez.cl\/web\/wp-json\/wp\/v2\/categories?post=27964"},{"taxonomy":"post_tag","embeddable":true,"href":"https:\/\/www.radiopresidenteibanez.cl\/web\/wp-json\/wp\/v2\/tags?post=27964"}],"curies":[{"name":"wp","href":"https:\/\/api.w.org\/{rel}","templated":true}]}}