{"id":2794,"date":"2019-03-29T14:24:02","date_gmt":"2019-03-29T14:24:02","guid":{"rendered":"http:\/\/www.radiopresidenteibanez.cl\/web\/?p=2794"},"modified":"2019-03-29T14:24:40","modified_gmt":"2019-03-29T14:24:40","slug":"personal-de-la-iv-brigada-aerea-realiza-restauracion-en-dependencias-del-hogar-de-menores-ignazio-sibillo-de-punta-arenas","status":"publish","type":"post","link":"https:\/\/www.radiopresidenteibanez.cl\/web\/personal-de-la-iv-brigada-aerea-realiza-restauracion-en-dependencias-del-hogar-de-menores-ignazio-sibillo-de-punta-arenas\/","title":{"rendered":"PERSONAL DE LA IV BRIGADA A\u00c9REA REALIZA RESTAURACI\u00d3N EN DEPENDENCIAS DEL HOGAR DE MENORES IGNAZIO SIBILLO, DE PUNTA ARENAS"},"content":{"rendered":"\n<p>En el marco\nde las actividades del Mes el Aire y por la responsabilidad social que la\nFuerza A\u00e9rea de Chile tiene con la comunidad magallanica, personal de la IVa <br>\nBrigada A\u00e9rea junto a la agrupaci\u00f3n de payasos Dibujando Sonrisas Patag\u00f3nicas visitaron\nel d\u00eda 28 de marzo las dependencias del Hogar Ignazio Sibillo para realizar la restauraci\u00f3n\nde la sala de estimulaci\u00f3n y compartir con los menores que residen actualmente\nen el mencionado Hogar, .<\/p>\n\n\n\n<p>De parte del directorio del Hogar, la Sra. Mireya Lambert manifest\u00f3 sus agradecimientos por las mejoras y el grato momento que los ni\u00f1os pudieron disfrutar, ya que son estos aportes los que permiten que nosotros como Hogar continuemos cumpliendo de mejor manera las funciones encomendadas.<\/p>\n\n\n\n<ul class=\"wp-block-gallery columns-2 is-cropped wp-block-gallery-1 is-layout-flex wp-block-gallery-is-layout-flex\"><li class=\"blocks-gallery-item\"><figure><img loading=\"lazy\" decoding=\"async\" width=\"900\" height=\"596\" src=\"https:\/\/www.radiopresidenteibanez.cl\/web\/wp-content\/uploads\/2019\/03\/DSC_0019.jpg\" alt=\"\" data-id=\"2795\" data-link=\"https:\/\/www.radiopresidenteibanez.cl\/web\/?attachment_id=2795\" class=\"wp-image-2795\" srcset=\"https:\/\/www.radiopresidenteibanez.cl\/web\/wp-content\/uploads\/2019\/03\/DSC_0019.jpg 900w, https:\/\/www.radiopresidenteibanez.cl\/web\/wp-content\/uploads\/2019\/03\/DSC_0019-300x199.jpg 300w, https:\/\/www.radiopresidenteibanez.cl\/web\/wp-content\/uploads\/2019\/03\/DSC_0019-768x509.jpg 768w\" sizes=\"auto, (max-width: 900px) 100vw, 900px\" \/><\/figure><\/li><li class=\"blocks-gallery-item\"><figure><img loading=\"lazy\" decoding=\"async\" width=\"900\" height=\"596\" src=\"https:\/\/www.radiopresidenteibanez.cl\/web\/wp-content\/uploads\/2019\/03\/DSC_0044.jpg\" alt=\"\" data-id=\"2796\" data-link=\"https:\/\/www.radiopresidenteibanez.cl\/web\/?attachment_id=2796\" class=\"wp-image-2796\" srcset=\"https:\/\/www.radiopresidenteibanez.cl\/web\/wp-content\/uploads\/2019\/03\/DSC_0044.jpg 900w, https:\/\/www.radiopresidenteibanez.cl\/web\/wp-content\/uploads\/2019\/03\/DSC_0044-300x199.jpg 300w, https:\/\/www.radiopresidenteibanez.cl\/web\/wp-content\/uploads\/2019\/03\/DSC_0044-768x509.jpg 768w\" sizes=\"auto, (max-width: 900px) 100vw, 900px\" \/><\/figure><\/li><li class=\"blocks-gallery-item\"><figure><img loading=\"lazy\" decoding=\"async\" width=\"900\" height=\"574\" src=\"https:\/\/www.radiopresidenteibanez.cl\/web\/wp-content\/uploads\/2019\/03\/DSC_0063.jpg\" alt=\"\" data-id=\"2797\" data-link=\"https:\/\/www.radiopresidenteibanez.cl\/web\/?attachment_id=2797\" class=\"wp-image-2797\" srcset=\"https:\/\/www.radiopresidenteibanez.cl\/web\/wp-content\/uploads\/2019\/03\/DSC_0063.jpg 900w, https:\/\/www.radiopresidenteibanez.cl\/web\/wp-content\/uploads\/2019\/03\/DSC_0063-300x191.jpg 300w, https:\/\/www.radiopresidenteibanez.cl\/web\/wp-content\/uploads\/2019\/03\/DSC_0063-768x490.jpg 768w\" sizes=\"auto, (max-width: 900px) 100vw, 900px\" \/><\/figure><\/li><\/ul>\n","protected":false},"excerpt":{"rendered":"<p>En el marco de las actividades del Mes el Aire y por la responsabilidad social que la Fuerza A\u00e9rea de Chile tiene con la comunidad magallanica, personal de la IVa&#8230; <a class=\"read-more\" href=\"https:\/\/www.radiopresidenteibanez.cl\/web\/personal-de-la-iv-brigada-aerea-realiza-restauracion-en-dependencias-del-hogar-de-menores-ignazio-sibillo-de-punta-arenas\/\">Leer m\u00e1s<\/a><\/p>\n","protected":false},"author":2,"featured_media":2797,"comment_status":"closed","ping_status":"closed","sticky":false,"template":"","format":"standard","meta":{"footnotes":""},"categories":[1],"tags":[],"class_list":["post-2794","post","type-post","status-publish","format-standard","has-post-thumbnail","hentry","category-cronica"],"_links":{"self":[{"href":"https:\/\/www.radiopresidenteibanez.cl\/web\/wp-json\/wp\/v2\/posts\/2794","targetHints":{"allow":["GET"]}}],"collection":[{"href":"https:\/\/www.radiopresidenteibanez.cl\/web\/wp-json\/wp\/v2\/posts"}],"about":[{"href":"https:\/\/www.radiopresidenteibanez.cl\/web\/wp-json\/wp\/v2\/types\/post"}],"author":[{"embeddable":true,"href":"https:\/\/www.radiopresidenteibanez.cl\/web\/wp-json\/wp\/v2\/users\/2"}],"replies":[{"embeddable":true,"href":"https:\/\/www.radiopresidenteibanez.cl\/web\/wp-json\/wp\/v2\/comments?post=2794"}],"version-history":[{"count":0,"href":"https:\/\/www.radiopresidenteibanez.cl\/web\/wp-json\/wp\/v2\/posts\/2794\/revisions"}],"wp:featuredmedia":[{"embeddable":true,"href":"https:\/\/www.radiopresidenteibanez.cl\/web\/wp-json\/wp\/v2\/media\/2797"}],"wp:attachment":[{"href":"https:\/\/www.radiopresidenteibanez.cl\/web\/wp-json\/wp\/v2\/media?parent=2794"}],"wp:term":[{"taxonomy":"category","embeddable":true,"href":"https:\/\/www.radiopresidenteibanez.cl\/web\/wp-json\/wp\/v2\/categories?post=2794"},{"taxonomy":"post_tag","embeddable":true,"href":"https:\/\/www.radiopresidenteibanez.cl\/web\/wp-json\/wp\/v2\/tags?post=2794"}],"curies":[{"name":"wp","href":"https:\/\/api.w.org\/{rel}","templated":true}]}}