{"id":27926,"date":"2022-03-10T14:23:00","date_gmt":"2022-03-10T17:23:00","guid":{"rendered":"https:\/\/www.radiopresidenteibanez.cl\/web\/?p=27926"},"modified":"2022-03-10T12:22:05","modified_gmt":"2022-03-10T15:22:05","slug":"aguas-magallanes-finalizo-con-exito-renovacion-de-valvula-de-importante-matriz-alimentadora","status":"publish","type":"post","link":"https:\/\/www.radiopresidenteibanez.cl\/web\/aguas-magallanes-finalizo-con-exito-renovacion-de-valvula-de-importante-matriz-alimentadora\/","title":{"rendered":"AGUAS MAGALLANES FINALIZ\u00d3 CON \u00c9XITO RENOVACI\u00d3N DE V\u00c1LVULA DE IMPORTANTE MATRIZ ALIMENTADORA"},"content":{"rendered":"\n<p>De acuerdo a lo informado por la compa\u00f1\u00eda, esta ma\u00f1ana se logr\u00f3 ejecutar de manera exitosa y ajustada a una detallada planificaci\u00f3n, la renovaci\u00f3n de una importante v\u00e1lvula de la matriz alimentadora Barrio Industrial.<\/p>\n\n\n\n<p>Para llevar adelante dicho operativo, se consider\u00f3 un corte programado de suministro a 11.200 clientes, la instalaci\u00f3n de 17 puntos de abastecimiento alternativo, la operaci\u00f3n de 42 v\u00e1lvulas de sectorizaci\u00f3n y la coordinaci\u00f3n operativa para intervenir con precisi\u00f3n en la renovaci\u00f3n de dicha v\u00e1lvula.<\/p>\n\n\n\n<p>Aguas Magallanes detall\u00f3 que los trabajos se iniciaron a la hora programada, concluyendo alrededor de las 08:00 horas de hoy, sin que hasta el momento se registren requerimientos en sus plataformas. Tal como se anticip\u00f3, la reposici\u00f3n del servicio puede generar eventos de turbiedad, focalizados en algunos sectores de la ciudad, por lo que Aguas Magallanes llam\u00f3 a informar a la empresa en caso de persistir dicha condici\u00f3n.<\/p>\n\n\n\n<p>Cristian Oyarz\u00fan, jefe del departamento de Desarrollo de Redes, junto con valorar el trabajo realizado por los equipos involucrados en este operativo, destac\u00f3 que \u201cesta v\u00e1lvula permitir\u00e1 un mejor manejo de las redes, ya que robustece el desempe\u00f1o de esta importante matriz alimentadora, que participa del abastecimiento de agua potable de cerca de 33 mil clientes de Punta Arenas.<\/p>\n\n\n\n<p>Finalmente, el ejecutivo agradeci\u00f3 a los medios de prensa por su importante labor en la difusi\u00f3n de estos trabajos, permitiendo as\u00ed, preparar a la comunidad con la debida antelaci\u00f3n.<\/p>\n","protected":false},"excerpt":{"rendered":"<p>De acuerdo a lo informado por la compa\u00f1\u00eda, esta ma\u00f1ana se logr\u00f3 ejecutar de manera exitosa y ajustada a una detallada planificaci\u00f3n, la renovaci\u00f3n de una importante v\u00e1lvula de la&#8230; <a class=\"read-more\" href=\"https:\/\/www.radiopresidenteibanez.cl\/web\/aguas-magallanes-finalizo-con-exito-renovacion-de-valvula-de-importante-matriz-alimentadora\/\">Leer m\u00e1s<\/a><\/p>\n","protected":false},"author":2,"featured_media":27927,"comment_status":"closed","ping_status":"closed","sticky":false,"template":"","format":"standard","meta":{"footnotes":""},"categories":[1],"tags":[],"class_list":["post-27926","post","type-post","status-publish","format-standard","has-post-thumbnail","hentry","category-cronica"],"_links":{"self":[{"href":"https:\/\/www.radiopresidenteibanez.cl\/web\/wp-json\/wp\/v2\/posts\/27926","targetHints":{"allow":["GET"]}}],"collection":[{"href":"https:\/\/www.radiopresidenteibanez.cl\/web\/wp-json\/wp\/v2\/posts"}],"about":[{"href":"https:\/\/www.radiopresidenteibanez.cl\/web\/wp-json\/wp\/v2\/types\/post"}],"author":[{"embeddable":true,"href":"https:\/\/www.radiopresidenteibanez.cl\/web\/wp-json\/wp\/v2\/users\/2"}],"replies":[{"embeddable":true,"href":"https:\/\/www.radiopresidenteibanez.cl\/web\/wp-json\/wp\/v2\/comments?post=27926"}],"version-history":[{"count":0,"href":"https:\/\/www.radiopresidenteibanez.cl\/web\/wp-json\/wp\/v2\/posts\/27926\/revisions"}],"wp:featuredmedia":[{"embeddable":true,"href":"https:\/\/www.radiopresidenteibanez.cl\/web\/wp-json\/wp\/v2\/media\/27927"}],"wp:attachment":[{"href":"https:\/\/www.radiopresidenteibanez.cl\/web\/wp-json\/wp\/v2\/media?parent=27926"}],"wp:term":[{"taxonomy":"category","embeddable":true,"href":"https:\/\/www.radiopresidenteibanez.cl\/web\/wp-json\/wp\/v2\/categories?post=27926"},{"taxonomy":"post_tag","embeddable":true,"href":"https:\/\/www.radiopresidenteibanez.cl\/web\/wp-json\/wp\/v2\/tags?post=27926"}],"curies":[{"name":"wp","href":"https:\/\/api.w.org\/{rel}","templated":true}]}}