{"id":2791,"date":"2019-03-29T14:19:25","date_gmt":"2019-03-29T14:19:25","guid":{"rendered":"http:\/\/www.radiopresidenteibanez.cl\/web\/?p=2791"},"modified":"2019-03-29T14:19:57","modified_gmt":"2019-03-29T14:19:57","slug":"gran-interes-despierta-proceso-de-postulacion-a-curso-para-carabineros-asistentes-de-oficina","status":"publish","type":"post","link":"https:\/\/www.radiopresidenteibanez.cl\/web\/gran-interes-despierta-proceso-de-postulacion-a-curso-para-carabineros-asistentes-de-oficina\/","title":{"rendered":"GRAN INTER\u00c9S DESPIERTA PROCESO DE POSTULACI\u00d3N A CURSO PARA CARABINEROS ASISTENTES DE OFICINA"},"content":{"rendered":"\n<p>Postulantes de todas las comunas\nde la regi\u00f3n, se han inscrito&nbsp; para\nparticipar del proceso de selecci\u00f3n, para las plazas disponibles&nbsp; del curso de formaci\u00f3n de carabineros\nasistentes de oficina, quienes se han contactado, con personal de la sede Punta\nArenas, de manera presencial.<\/p>\n\n\n\n<p>El Suboficial Mayor de\nCarabineros de Chile, Remigio Mart\u00ednez Neira inform\u00f3 que los requisitos para\npostular son:<\/p>\n\n\n\n<p>1.- Poseer nacionalidad chilena.<\/p>\n\n\n\n<p>2-. Edad hombres y mujeres,\ndesde 18 a 35 a\u00f1os.<\/p>\n\n\n\n<p>3.- Estado civil: soltero\n(a) o casado (a).<\/p>\n\n\n\n<p>4.- Tener ense\u00f1anza media\ncompleta.<\/p>\n\n\n\n<p>5.- La postulaci\u00f3n est\u00e1\ndirigida a personas de la vida civil.&nbsp;<\/p>\n\n\n\n<p>6.- No haber sido condenado\no procesado por crimen o simple delito, ni encontrarse afecto a sumario o a\ninvestigaci\u00f3n administrativa.&nbsp;<\/p>\n\n\n\n<p>7.- Situaci\u00f3n militar al\nd\u00eda.&nbsp;<\/p>\n\n\n\n<p>8-. Salud compatible con el\ndesempe\u00f1o del cargo.<\/p>\n\n\n\n<p>9. Acreditar manejo de tecnolog\u00edas\nde informaci\u00f3n y comunicaci\u00f3n computacional a nivel usuario medio. (Excel, Word\ny Power Point).&nbsp;<\/p>\n\n\n\n<p>La misi\u00f3n del carabinero asistente de oficina\nes:&nbsp;colaborar,\ntramitar, y ejecutar los procesos administrativos que disponga la Jefatura de\ncada estamento institucional.<\/p>\n\n\n\n<p>Por otra\nparte, el objetivo del cargo consiste en:<\/p>\n\n\n\n<p>\u2022 Colaborar\na las respectivas jefaturas en los procesos administrativos de cada estamento institucional.<\/p>\n\n\n\n<p>\u2022 Asesorar\nal mando en materias legales reglamentarias y administrativas.<\/p>\n\n\n\n<p>\u2022\nConfeccionar documentaci\u00f3n conforme a lo establecido en el reglamento N\u00b0 22 de\nCarabineros de Chile.&nbsp;<\/p>\n\n\n\n<p>El periodo\nde postulaci\u00f3n vence impostergablemente, el pr\u00f3ximo d\u00eda mi\u00e9rcoles 03 de abril\nde 2019, inclusive.<\/p>\n\n\n\n<p>Los\ninteresados deber\u00e1n presentar los siguientes antecedentes:&nbsp;<\/p>\n\n\n\n<p>\u2022 Solicitud simple (archivo\ndescargable)<\/p>\n\n\n\n<p>\u2022 Certificado de nacimiento.<\/p>\n\n\n\n<p>\u2022 Certificado de\nantecedentes personales.<\/p>\n\n\n\n<p>\u2022 Certificado de situaci\u00f3n\nmilitar al d\u00eda.<\/p>\n\n\n\n<p>\u2022 Declaraci\u00f3n jurada ante notario\n(Probidad) Art. 54, 55 y 56 de la Ley 18.575.<\/p>\n\n\n\n<p>\u2022 Certificado de estudio:\nSe debe acreditar que est\u00e1 en posesi\u00f3n de la licencia de ense\u00f1anza media.<\/p>\n\n\n\n<p>\u2022 Fotocopia c\u00e9dula identidad\npor ambos lados.<\/p>\n\n\n\n<p>Los\ninteresados deben realizar su inscripci\u00f3n en la sede de postulaci\u00f3n m\u00e1s cercana\na su domicilio. (www.admisioncarabineros.cl) En el caso de Magallanes, en la\ncalle Waldo Seguel 653.<\/p>\n\n\n\n<p>La citaci\u00f3n\ny notificaci\u00f3n ser\u00e1 realizada por la sede de admisi\u00f3n respectiva, en todas las\netapas de dicho proceso.<\/p>\n\n\n\n<p>Finalmente,\nel Suboficial Mayor Mart\u00ednez, a\u00f1adi\u00f3 que las vacantes a cubrir son alrededor de\n40. El sistema de formaci\u00f3n ser\u00e1 de dedicaci\u00f3n exclusiva y en modalidad de\nexternado, con una duraci\u00f3n de 02 semestres acad\u00e9micos y&nbsp; la formaci\u00f3n se llevar\u00e1 a cabo en la Escuela\nde Formaci\u00f3n de Carabineros de Chile, ubicada en Av. Pedro Aguirre Cerda N\u00b0\n6655, en la comuna de Cerrillos, Santiago.-&nbsp;<\/p>\n","protected":false},"excerpt":{"rendered":"<p>Postulantes de todas las comunas de la regi\u00f3n, se han inscrito&nbsp; para participar del proceso de selecci\u00f3n, para las plazas disponibles&nbsp; del curso de formaci\u00f3n de carabineros asistentes de oficina,&#8230; <a class=\"read-more\" href=\"https:\/\/www.radiopresidenteibanez.cl\/web\/gran-interes-despierta-proceso-de-postulacion-a-curso-para-carabineros-asistentes-de-oficina\/\">Leer m\u00e1s<\/a><\/p>\n","protected":false},"author":2,"featured_media":2792,"comment_status":"closed","ping_status":"closed","sticky":false,"template":"","format":"standard","meta":{"footnotes":""},"categories":[1],"tags":[],"class_list":["post-2791","post","type-post","status-publish","format-standard","has-post-thumbnail","hentry","category-cronica"],"_links":{"self":[{"href":"https:\/\/www.radiopresidenteibanez.cl\/web\/wp-json\/wp\/v2\/posts\/2791","targetHints":{"allow":["GET"]}}],"collection":[{"href":"https:\/\/www.radiopresidenteibanez.cl\/web\/wp-json\/wp\/v2\/posts"}],"about":[{"href":"https:\/\/www.radiopresidenteibanez.cl\/web\/wp-json\/wp\/v2\/types\/post"}],"author":[{"embeddable":true,"href":"https:\/\/www.radiopresidenteibanez.cl\/web\/wp-json\/wp\/v2\/users\/2"}],"replies":[{"embeddable":true,"href":"https:\/\/www.radiopresidenteibanez.cl\/web\/wp-json\/wp\/v2\/comments?post=2791"}],"version-history":[{"count":0,"href":"https:\/\/www.radiopresidenteibanez.cl\/web\/wp-json\/wp\/v2\/posts\/2791\/revisions"}],"wp:featuredmedia":[{"embeddable":true,"href":"https:\/\/www.radiopresidenteibanez.cl\/web\/wp-json\/wp\/v2\/media\/2792"}],"wp:attachment":[{"href":"https:\/\/www.radiopresidenteibanez.cl\/web\/wp-json\/wp\/v2\/media?parent=2791"}],"wp:term":[{"taxonomy":"category","embeddable":true,"href":"https:\/\/www.radiopresidenteibanez.cl\/web\/wp-json\/wp\/v2\/categories?post=2791"},{"taxonomy":"post_tag","embeddable":true,"href":"https:\/\/www.radiopresidenteibanez.cl\/web\/wp-json\/wp\/v2\/tags?post=2791"}],"curies":[{"name":"wp","href":"https:\/\/api.w.org\/{rel}","templated":true}]}}