{"id":27853,"date":"2022-03-08T12:32:00","date_gmt":"2022-03-08T15:32:00","guid":{"rendered":"https:\/\/www.radiopresidenteibanez.cl\/web\/?p=27853"},"modified":"2022-03-08T11:56:23","modified_gmt":"2022-03-08T14:56:23","slug":"expedicion-obtiene-nuevos-registros-de-dinosaurios-en-cerro-guido","status":"publish","type":"post","link":"https:\/\/www.radiopresidenteibanez.cl\/web\/expedicion-obtiene-nuevos-registros-de-dinosaurios-en-cerro-guido\/","title":{"rendered":"EXPEDICION OBTIENE NUEVOS REGISTROS DE DINOSAURIOS EN CERRO GUIDO"},"content":{"rendered":"\n<p>El martes pasado concluy\u00f3 con \u00e9xito la und\u00e9cima campa\u00f1a paleontol\u00f3gica en el sector de Cerro Guido, liderada por investigadores e investigadoras de la Universidad de Chile y del Instituto Ant\u00e1rtico Chileno (INACH). Como detalla el paleont\u00f3logo de la Universidad de Chile, Sergio Soto, se hallaron restos f\u00f3siles de una gran cantidad de vertebrados, incluyendo mam\u00edferos y nuevos restos del anquilosaurio&nbsp;<em>Stegouros<\/em>, los que permitir\u00e1n entender mejor su anatom\u00eda. Igualmente encontraron huesos de hadrosaurio (dinosaurio con pico de pato) de los que no se ten\u00eda conocimiento.<\/p>\n\n\n\n<p>Para el Dr. Alexander Vargas, director de la Red Paleontol\u00f3gica de la Universidad de Chile y&nbsp;&nbsp;del proyecto Anillo \u201cNuevas fuentes de datos sobre el registro f\u00f3sil y la evoluci\u00f3n de los vertebrados\u201d, esta fue una campa\u00f1a redonda. \u201cHe visto c\u00f3mo se ha ido perfeccionando la experiencia y capacidad t\u00e9cnica de nuestros investigadores e investigadoras para extraer los f\u00f3siles de una manera que aprovecha m\u00e1s todo tipo de informaci\u00f3n cient\u00edfica, el nuevo cuidado que estamos teniendo con microf\u00f3siles, un mayor nivel de atenci\u00f3n y, en general, la rapidez y eficacia con la cual estamos sacando los huesos de dinosaurios\u201d, confiesa con orgullo Vargas.<\/p>\n\n\n\n<p>En el \u00e1mbito paleobot\u00e1nico, la Dra. Cristine Trevisan (INACH) afirma que \u201csiempre vamos avanzando y buscando m\u00e1s datos para contar la historia de la conexi\u00f3n Sudam\u00e9rica-Ant\u00e1rtica. En este lugar tenemos tambi\u00e9n el l\u00edmite K-Pg, de cuando se extinguen los dinosaurios (el final del Cret\u00e1cico) y el inicio de una nueva era, el Cenozoico, donde surgen los mam\u00edferos. En la paleontolog\u00eda esto tiene una importancia internacional, porque se produce un cambio de flora y fauna, podemos hablar incluso de un cambio en la biodiversidad de ese instante en la Tierra\u201d. Este a\u00f1o se sum\u00f3 al grupo paleobot\u00e1nico la investigadora de Brasil, Dra. Joseline Manfroi, quien se enfoc\u00f3 en intervalos que contienen carb\u00f3n, para comprender mejor los paleoincendios, saber sus causas, su extensi\u00f3n y el efecto que tuvieron en los ecosistemas.<\/p>\n\n\n\n<p>En esta campa\u00f1a, encontraron hojas de tama\u00f1os m\u00e1s grandes, con bordes lisos, de 10 a 12 cent\u00edmetros, que hablan de un ambiente m\u00e1s c\u00e1lido. Por el momento, se puede decir que ser\u00edan laur\u00e1ceas y mirt\u00e1ceas, todas plantas cuyas familias hoy encontramos en el hemisferio sur.<\/p>\n\n\n\n<p>Alexander Vargas destaca la conexi\u00f3n con el Continente Blanco, \u201cporque el mismo&nbsp;<em>Stegouros<\/em>&nbsp;se parece bastante a formas de Ant\u00e1rtica y de Australia y hay una historia de conectividad ah\u00ed que est\u00e1 emergiendo, de una cosa distinta a la que se conoc\u00eda para el Cret\u00e1cico tard\u00edo en el resto de Sudam\u00e9rica, muy particular, con otra historia biogeogr\u00e1fica que creemos dar\u00e1 mucho que hablar a nivel mundial\u201d.<\/p>\n\n\n\n<p>Para Trevisan, las plantas son como el term\u00f3metro clim\u00e1tico del pasado. Una hoja f\u00f3sil puede entregar mucha informaci\u00f3n del clima de un lugar, por el borde de la hoja, por el tama\u00f1o, que incluso sirva para el desarrollo de modelos de conservaci\u00f3n de los bosques actuales. La flora f\u00f3sil tambi\u00e9n es importante para comprender mejor el ambiente en el que vivieron los dinosaurios del Cret\u00e1cico en el hemisferio sur.<\/p>\n\n\n\n<p>Otra l\u00ednea de trabajo fue la geol\u00f3gica a cargo de la especialista Leslie Manr\u00edquez, quien hizo un levantamiento estratigr\u00e1fico de distintos sitios, incluyendo uno en el cerro Guido y otro donde se encuentran f\u00f3siles de hadrosaurios, cerca de la frontera con Argentina. En Guido, Manr\u00edquez ya hab\u00eda realizado la estratigraf\u00eda general; en esta ocasi\u00f3n hizo una prospecci\u00f3n m\u00e1s minuciosa de cada sucesi\u00f3n geol\u00f3gica, lo que implic\u00f3 mirar capa por capa, a veces centim\u00e9tricamente, y hacer un muestreo para el an\u00e1lisis geoqu\u00edmico posterior y as\u00ed conocer, por ejemplo, la salinidad del ambiente, algunas caracter\u00edsticas minerales, las concentraciones de hierro, etc.<\/p>\n\n\n\n<p>El Dr. Marcelo Leppe, director del INACH y uno de los responsables del auge de Cerro Guido como sitio clave de la paleontolog\u00eda internacional, cree que la preparaci\u00f3n t\u00e9cnica de este equipo humano altamente especializado puede ser un aporte al proyecto del Centro Ant\u00e1rtico Internacional (CAI). \u201cA nivel nacional, hay una falta importante de paleont\u00f3logos y paleont\u00f3logas, y de t\u00e9cnicos. Durante los \u00faltimos diez a\u00f1os hemos entrenado a profesionales que tienen una visi\u00f3n mucho m\u00e1s multidisciplinaria. Este lugar va a aportar con material \u00fanico para ser exhibido junto con paleorreconstrucciones, las que adem\u00e1s ser\u00e1n m\u00e1s fidedignas gracias a los datos aportados por estas investigaciones. El concepto de la conexi\u00f3n Sudam\u00e9rica-Ant\u00e1rtica, que es parte del gui\u00f3n central del CAI, tendr\u00e1 una expresi\u00f3n totalmente aterrizada, con ejemplos concretos de biota, de animales y plantas que se desplazaron entre ambas masas continentales e incluso una tercera que es Australia\u201d, argumenta Leppe.<\/p>\n\n\n\n<p>En esta campa\u00f1a tambi\u00e9n particip\u00f3 el ilustrador cient\u00edfico Mauricio \u00c1lvarez (responsable de la imagen de portada de la revista&nbsp;<em>Nature<\/em>&nbsp;que anunci\u00f3 al mundo el hallazgo del&nbsp;<em>Stegouros elengassen<\/em>) y el paleont\u00f3logo Jos\u00e9 P\u00e9rez, de la Oficina T\u00e9cnica Regional de Magallanes y de la Ant\u00e1rtica Chilena del Consejo de Monumentos Nacionales, quien destac\u00f3 la forma en que se han ejecutado estas expediciones. \u201cEs un trabajo impecable, muy arduo, no solo por las condiciones del terreno, sino tambi\u00e9n por la calidad de las publicaciones. Es uno de los sitios m\u00e1s activos de investigaci\u00f3n cient\u00edfica dentro de la regi\u00f3n y me atrever\u00eda decir a nivel nacional\u201d, concluye P\u00e9rez.<\/p>\n\n\n\n<p>El INACH es un organismo t\u00e9cnico dependiente del Ministerio de Relaciones Exteriores con plena autonom\u00eda en todo lo relacionado con asuntos ant\u00e1rticos y tiene entre sus misiones el incentivar el desarrollo de la investigaci\u00f3n cient\u00edfica, tecnol\u00f3gica y de innovaci\u00f3n en la Ant\u00e1rtica, el fortalecimiento de Magallanes como puerta de entrada al Continente Blanco y promover el conocimiento de las materias ant\u00e1rticas a la ciudadan\u00eda.<\/p>\n","protected":false},"excerpt":{"rendered":"<p>El martes pasado concluy\u00f3 con \u00e9xito la und\u00e9cima campa\u00f1a paleontol\u00f3gica en el sector de Cerro Guido, liderada por investigadores e investigadoras de la Universidad de Chile y del Instituto Ant\u00e1rtico&#8230; <a class=\"read-more\" href=\"https:\/\/www.radiopresidenteibanez.cl\/web\/expedicion-obtiene-nuevos-registros-de-dinosaurios-en-cerro-guido\/\">Leer m\u00e1s<\/a><\/p>\n","protected":false},"author":2,"featured_media":27854,"comment_status":"closed","ping_status":"closed","sticky":false,"template":"","format":"standard","meta":{"footnotes":""},"categories":[1],"tags":[],"class_list":["post-27853","post","type-post","status-publish","format-standard","has-post-thumbnail","hentry","category-cronica"],"_links":{"self":[{"href":"https:\/\/www.radiopresidenteibanez.cl\/web\/wp-json\/wp\/v2\/posts\/27853","targetHints":{"allow":["GET"]}}],"collection":[{"href":"https:\/\/www.radiopresidenteibanez.cl\/web\/wp-json\/wp\/v2\/posts"}],"about":[{"href":"https:\/\/www.radiopresidenteibanez.cl\/web\/wp-json\/wp\/v2\/types\/post"}],"author":[{"embeddable":true,"href":"https:\/\/www.radiopresidenteibanez.cl\/web\/wp-json\/wp\/v2\/users\/2"}],"replies":[{"embeddable":true,"href":"https:\/\/www.radiopresidenteibanez.cl\/web\/wp-json\/wp\/v2\/comments?post=27853"}],"version-history":[{"count":0,"href":"https:\/\/www.radiopresidenteibanez.cl\/web\/wp-json\/wp\/v2\/posts\/27853\/revisions"}],"wp:featuredmedia":[{"embeddable":true,"href":"https:\/\/www.radiopresidenteibanez.cl\/web\/wp-json\/wp\/v2\/media\/27854"}],"wp:attachment":[{"href":"https:\/\/www.radiopresidenteibanez.cl\/web\/wp-json\/wp\/v2\/media?parent=27853"}],"wp:term":[{"taxonomy":"category","embeddable":true,"href":"https:\/\/www.radiopresidenteibanez.cl\/web\/wp-json\/wp\/v2\/categories?post=27853"},{"taxonomy":"post_tag","embeddable":true,"href":"https:\/\/www.radiopresidenteibanez.cl\/web\/wp-json\/wp\/v2\/tags?post=27853"}],"curies":[{"name":"wp","href":"https:\/\/api.w.org\/{rel}","templated":true}]}}