{"id":2785,"date":"2019-03-28T23:37:56","date_gmt":"2019-03-28T23:37:56","guid":{"rendered":"http:\/\/www.radiopresidenteibanez.cl\/web\/?p=2785"},"modified":"2019-03-28T23:38:15","modified_gmt":"2019-03-28T23:38:15","slug":"conadi-inicia-postulaciones-a-proyecto-de-emprendedores-y-microempresarios-indigenas-en-magallanes","status":"publish","type":"post","link":"https:\/\/www.radiopresidenteibanez.cl\/web\/conadi-inicia-postulaciones-a-proyecto-de-emprendedores-y-microempresarios-indigenas-en-magallanes\/","title":{"rendered":"CONADI INICIA POSTULACIONES A PROYECTO DE EMPRENDEDORES Y MICROEMPRESARIOS IND\u00cdGENAS EN MAGALLANES"},"content":{"rendered":"\n<p>Hasta el negocio de una de las beneficiadas del concurso del a\u00f1o 2018 de Emprendimiento y Microempresarios Ind\u00edgenas de la austral regi\u00f3n, lleg\u00f3 la Jefa de la Oficina CONADI Punta Arenas, Carolina Avenda\u00f1o, para aprovechar de lanzar la versi\u00f3n 2019 del mismo y supervisar en terreno el \u00e9xito de un sal\u00f3n de belleza implementado por una familia ind\u00edgena de Punta Arenas tras ser beneficiados por Conadi.<\/p>\n\n\n\n<p>Carolina Avenda\u00f1o Hille, Jefa de oficina CONADI Punta Arenas, manifiest\u00f3 que \u201ces gratificante para nuestra instituci\u00f3n ver como nuestra usuaria se encuentra tan agradecida y pudo hacer realidad su proyecto con maquinarias de \u00faltima generaci\u00f3n e incorporar otros servicios que van a acrecentar sus ingresos y llegar a tener m\u00e1s clientas. Para CONADI es una de las prioridades apoyar a nuestros usuarios ya sea en su emprendimiento o microempresa para que mejoren su calidad de vida\u201d.<\/p>\n\n\n\n<p>Alejandra \u00c1guila, quien implemento un sal\u00f3n de belleza con los fondos del concurso 2018, se\u00f1al\u00f3 que \u201cgracias a CONADI me encuentro feliz porque pude implementar mi peluquer\u00eda con infraestructura y maquinaria de \u00faltima generaci\u00f3n\u201d, agregando una invitaci\u00f3n a todos a postular ya que \u201cCONADI aclara todas las dudas y tienen la mejor disposici\u00f3n\u201d.<\/p>\n\n\n\n<p>Las postulaciones al concurso pueden realizarse hasta el 25 de Abril y las bases pueden ser retiradas en la oficina de Asuntos Ind\u00edgenas CONADI Punta Arenas, ubicada en calle\u00a0O&#8217;Higgins 631, de 8:30\u00a0 a 13:30 horas, en las oficinas PIDI de las Gobernaciones de \u00daltima Esperanza y Ant\u00e1rtica, adem\u00e1s de la Gobernaci\u00f3n de Tierra del Fuego.<\/p>\n\n\n\n<figure class=\"wp-block-image\"><img loading=\"lazy\" decoding=\"async\" width=\"1024\" height=\"768\" src=\"https:\/\/www.radiopresidenteibanez.cl\/web\/wp-content\/uploads\/2019\/03\/280319_02-1024x768.jpg\" alt=\"\" class=\"wp-image-2786\" srcset=\"https:\/\/www.radiopresidenteibanez.cl\/web\/wp-content\/uploads\/2019\/03\/280319_02-1024x768.jpg 1024w, https:\/\/www.radiopresidenteibanez.cl\/web\/wp-content\/uploads\/2019\/03\/280319_02-300x225.jpg 300w, https:\/\/www.radiopresidenteibanez.cl\/web\/wp-content\/uploads\/2019\/03\/280319_02-768x576.jpg 768w, https:\/\/www.radiopresidenteibanez.cl\/web\/wp-content\/uploads\/2019\/03\/280319_02.jpg 1280w\" sizes=\"auto, (max-width: 1024px) 100vw, 1024px\" \/><\/figure>\n","protected":false},"excerpt":{"rendered":"<p>Hasta el negocio de una de las beneficiadas del concurso del a\u00f1o 2018 de Emprendimiento y Microempresarios Ind\u00edgenas de la austral regi\u00f3n, lleg\u00f3 la Jefa de la Oficina CONADI Punta&#8230; <a class=\"read-more\" href=\"https:\/\/www.radiopresidenteibanez.cl\/web\/conadi-inicia-postulaciones-a-proyecto-de-emprendedores-y-microempresarios-indigenas-en-magallanes\/\">Leer m\u00e1s<\/a><\/p>\n","protected":false},"author":2,"featured_media":2786,"comment_status":"closed","ping_status":"closed","sticky":false,"template":"","format":"standard","meta":{"footnotes":""},"categories":[1],"tags":[],"class_list":["post-2785","post","type-post","status-publish","format-standard","has-post-thumbnail","hentry","category-cronica"],"_links":{"self":[{"href":"https:\/\/www.radiopresidenteibanez.cl\/web\/wp-json\/wp\/v2\/posts\/2785","targetHints":{"allow":["GET"]}}],"collection":[{"href":"https:\/\/www.radiopresidenteibanez.cl\/web\/wp-json\/wp\/v2\/posts"}],"about":[{"href":"https:\/\/www.radiopresidenteibanez.cl\/web\/wp-json\/wp\/v2\/types\/post"}],"author":[{"embeddable":true,"href":"https:\/\/www.radiopresidenteibanez.cl\/web\/wp-json\/wp\/v2\/users\/2"}],"replies":[{"embeddable":true,"href":"https:\/\/www.radiopresidenteibanez.cl\/web\/wp-json\/wp\/v2\/comments?post=2785"}],"version-history":[{"count":0,"href":"https:\/\/www.radiopresidenteibanez.cl\/web\/wp-json\/wp\/v2\/posts\/2785\/revisions"}],"wp:featuredmedia":[{"embeddable":true,"href":"https:\/\/www.radiopresidenteibanez.cl\/web\/wp-json\/wp\/v2\/media\/2786"}],"wp:attachment":[{"href":"https:\/\/www.radiopresidenteibanez.cl\/web\/wp-json\/wp\/v2\/media?parent=2785"}],"wp:term":[{"taxonomy":"category","embeddable":true,"href":"https:\/\/www.radiopresidenteibanez.cl\/web\/wp-json\/wp\/v2\/categories?post=2785"},{"taxonomy":"post_tag","embeddable":true,"href":"https:\/\/www.radiopresidenteibanez.cl\/web\/wp-json\/wp\/v2\/tags?post=2785"}],"curies":[{"name":"wp","href":"https:\/\/api.w.org\/{rel}","templated":true}]}}