{"id":27801,"date":"2022-03-07T08:43:00","date_gmt":"2022-03-07T11:43:00","guid":{"rendered":"https:\/\/www.radiopresidenteibanez.cl\/web\/?p=27801"},"modified":"2022-03-07T08:16:30","modified_gmt":"2022-03-07T11:16:30","slug":"mas-de-300-personas-participaron-en-jornada-deportiva-por-el-dia-internacional-de-la-mujer","status":"publish","type":"post","link":"https:\/\/www.radiopresidenteibanez.cl\/web\/mas-de-300-personas-participaron-en-jornada-deportiva-por-el-dia-internacional-de-la-mujer\/","title":{"rendered":"MAS DE 300 PERSONAS PARTICIPARON EN JORNADA DEPORTIVA POR EL DIA INTERNACIONAL DE LA MUJER"},"content":{"rendered":"\n<p>M\u00e1s de 300 personas llegaron este domingo hasta la Costanera del Estrecho, para participar de la jornada deportiva organizada desde el Municipio de Punta Arenas en el marco de la conmemoraci\u00f3n por el D\u00eda Internacional de la Mujer, que se recuerda este martes 8 de marzo.<\/p>\n\n\n\n<p><br>La cita oficial fue para una cicletada familiar, donde ni\u00f1os, j\u00f3venes y adultos recorrieron 5 kil\u00f3metros entre el sector Letras hasta calle Santiago D\u00edaz, instancia que fue complementada con baile, patinaje y caminata, en una nueva jornada de La Costanera es Tuya.<\/p>\n\n\n\n<p><br>\u201cCada mes vamos a estar abriendo nuestra Costanera para que los vecinos se tomen este lugar para practicar deporte, para caminar, para andar en bicicleta, en patines, pasear con sus mascotas, y sobre todo con un d\u00eda como hoy que fue una bendici\u00f3n. Hemos tenido un d\u00eda espectacular. M\u00e1s de 300 personas han llegado, se van a ir sumando, y adem\u00e1s hoy estamos conmemorando una cicletada en honor al D\u00eda de la Mujer\u201d, afirm\u00f3 el alcalde de Punta Arenas, Claudio Radonich, destacando que los puntarenenses realicen deporte en la comuna.<\/p>\n\n\n\n<p><br>Los asistentes valoraron la instancia que les permiti\u00f3 disfrutar del d\u00eda y de la ciudad en un ambiente comunitario y saludable.<br>\u201cEncuentro que es m\u00e1s que una actividad f\u00edsica. El uso de la ciudad, el contactarse con el resto de la gente, usar la ciudad con estos espacios bonitos que tiene Punta Arenas. La gran importancia, el gran valor que yo le doy, es poder salir a la ciudad y hacerse due\u00f1o del espacio sanamente. Eso para m\u00ed es s\u00faper importante\u201d, afirm\u00f3 Eduardo Carrasco, uno de los asistentes.<\/p>\n\n\n\n<p><br>En tanto, Yamira Ulloa, se\u00f1al\u00f3 que: \u201cesto deber\u00eda ser siempre. Que se hagan m\u00e1s actividades ser\u00eda genial, que se pudiera agregar, por ejemplo, el Parque Mar\u00eda Behety para hacer muchas actividades m\u00e1s, para toda la familia\u201d.<br>En la oportunidad, se realizaron sorteos donde los asistentes pudieron acceder a distintos premios, entre ellos, dos bicicletas. <\/p>\n","protected":false},"excerpt":{"rendered":"<p>M\u00e1s de 300 personas llegaron este domingo hasta la Costanera del Estrecho, para participar de la jornada deportiva organizada desde el Municipio de Punta Arenas en el marco de la&#8230; <a class=\"read-more\" href=\"https:\/\/www.radiopresidenteibanez.cl\/web\/mas-de-300-personas-participaron-en-jornada-deportiva-por-el-dia-internacional-de-la-mujer\/\">Leer m\u00e1s<\/a><\/p>\n","protected":false},"author":2,"featured_media":27802,"comment_status":"closed","ping_status":"closed","sticky":false,"template":"","format":"standard","meta":{"footnotes":""},"categories":[1],"tags":[],"class_list":["post-27801","post","type-post","status-publish","format-standard","has-post-thumbnail","hentry","category-cronica"],"_links":{"self":[{"href":"https:\/\/www.radiopresidenteibanez.cl\/web\/wp-json\/wp\/v2\/posts\/27801","targetHints":{"allow":["GET"]}}],"collection":[{"href":"https:\/\/www.radiopresidenteibanez.cl\/web\/wp-json\/wp\/v2\/posts"}],"about":[{"href":"https:\/\/www.radiopresidenteibanez.cl\/web\/wp-json\/wp\/v2\/types\/post"}],"author":[{"embeddable":true,"href":"https:\/\/www.radiopresidenteibanez.cl\/web\/wp-json\/wp\/v2\/users\/2"}],"replies":[{"embeddable":true,"href":"https:\/\/www.radiopresidenteibanez.cl\/web\/wp-json\/wp\/v2\/comments?post=27801"}],"version-history":[{"count":0,"href":"https:\/\/www.radiopresidenteibanez.cl\/web\/wp-json\/wp\/v2\/posts\/27801\/revisions"}],"wp:featuredmedia":[{"embeddable":true,"href":"https:\/\/www.radiopresidenteibanez.cl\/web\/wp-json\/wp\/v2\/media\/27802"}],"wp:attachment":[{"href":"https:\/\/www.radiopresidenteibanez.cl\/web\/wp-json\/wp\/v2\/media?parent=27801"}],"wp:term":[{"taxonomy":"category","embeddable":true,"href":"https:\/\/www.radiopresidenteibanez.cl\/web\/wp-json\/wp\/v2\/categories?post=27801"},{"taxonomy":"post_tag","embeddable":true,"href":"https:\/\/www.radiopresidenteibanez.cl\/web\/wp-json\/wp\/v2\/tags?post=27801"}],"curies":[{"name":"wp","href":"https:\/\/api.w.org\/{rel}","templated":true}]}}