{"id":2780,"date":"2019-03-28T23:30:40","date_gmt":"2019-03-28T23:30:40","guid":{"rendered":"http:\/\/www.radiopresidenteibanez.cl\/web\/?p=2780"},"modified":"2019-03-28T23:31:18","modified_gmt":"2019-03-28T23:31:18","slug":"edelmag-participa-de-mesa-tecnica-convocada-por-el-ministerio-de-energia-por-cambios-de-medidores","status":"publish","type":"post","link":"https:\/\/www.radiopresidenteibanez.cl\/web\/edelmag-participa-de-mesa-tecnica-convocada-por-el-ministerio-de-energia-por-cambios-de-medidores\/","title":{"rendered":"EDELMAG PARTICIPA DE MESA T\u00c9CNICA CONVOCADA POR EL MINISTERIO DE ENERG\u00cdA POR CAMBIOS DE MEDIDORES"},"content":{"rendered":"\n<p>Edelmag\nest\u00e1 participando en la mesa t\u00e9cnica convocada por el Ministerio de Energ\u00eda con\nel fin de dialogar y conversar los distintos aspectos para una exitosa implementaci\u00f3n\ndel proyecto de medidores inteligentes, abordando todas las inquietudes que\nesta medida ha despertado en la comunidad.<\/p>\n\n\n\n<p>Edelmag est\u00e1 comprometida con la modernizaci\u00f3n de la distribuci\u00f3n el\u00e9ctrica, la calidad de servicio y el cumplimiento de la normativa. En este contexto, una vez concluido el trabajo de la mesa t\u00e9cnica, la empresa evaluar\u00e1 todas las iniciativas planteadas y propondr\u00e1 un plan integral que permita la adopci\u00f3n de esta tecnolog\u00eda, con la aceptaci\u00f3n de la ciudadan\u00eda y de sus m\u00e1s de 60 mil clientes. <\/p>\n\n\n\n<figure class=\"wp-block-image\"><img loading=\"lazy\" decoding=\"async\" width=\"900\" height=\"675\" src=\"http:\/\/www.radiopresidenteibanez.cl\/web\/wp-content\/uploads\/2019\/01\/EDELMAG7.jpg\" alt=\"\" class=\"wp-image-714\" srcset=\"https:\/\/www.radiopresidenteibanez.cl\/web\/wp-content\/uploads\/2019\/01\/EDELMAG7.jpg 900w, https:\/\/www.radiopresidenteibanez.cl\/web\/wp-content\/uploads\/2019\/01\/EDELMAG7-300x225.jpg 300w, https:\/\/www.radiopresidenteibanez.cl\/web\/wp-content\/uploads\/2019\/01\/EDELMAG7-768x576.jpg 768w\" sizes=\"auto, (max-width: 900px) 100vw, 900px\" \/><\/figure>\n","protected":false},"excerpt":{"rendered":"<p>Edelmag est\u00e1 participando en la mesa t\u00e9cnica convocada por el Ministerio de Energ\u00eda con el fin de dialogar y conversar los distintos aspectos para una exitosa implementaci\u00f3n del proyecto de&#8230; <a class=\"read-more\" href=\"https:\/\/www.radiopresidenteibanez.cl\/web\/edelmag-participa-de-mesa-tecnica-convocada-por-el-ministerio-de-energia-por-cambios-de-medidores\/\">Leer m\u00e1s<\/a><\/p>\n","protected":false},"author":2,"featured_media":714,"comment_status":"closed","ping_status":"closed","sticky":false,"template":"","format":"standard","meta":{"footnotes":""},"categories":[1],"tags":[],"class_list":["post-2780","post","type-post","status-publish","format-standard","has-post-thumbnail","hentry","category-cronica"],"_links":{"self":[{"href":"https:\/\/www.radiopresidenteibanez.cl\/web\/wp-json\/wp\/v2\/posts\/2780","targetHints":{"allow":["GET"]}}],"collection":[{"href":"https:\/\/www.radiopresidenteibanez.cl\/web\/wp-json\/wp\/v2\/posts"}],"about":[{"href":"https:\/\/www.radiopresidenteibanez.cl\/web\/wp-json\/wp\/v2\/types\/post"}],"author":[{"embeddable":true,"href":"https:\/\/www.radiopresidenteibanez.cl\/web\/wp-json\/wp\/v2\/users\/2"}],"replies":[{"embeddable":true,"href":"https:\/\/www.radiopresidenteibanez.cl\/web\/wp-json\/wp\/v2\/comments?post=2780"}],"version-history":[{"count":0,"href":"https:\/\/www.radiopresidenteibanez.cl\/web\/wp-json\/wp\/v2\/posts\/2780\/revisions"}],"wp:featuredmedia":[{"embeddable":true,"href":"https:\/\/www.radiopresidenteibanez.cl\/web\/wp-json\/wp\/v2\/media\/714"}],"wp:attachment":[{"href":"https:\/\/www.radiopresidenteibanez.cl\/web\/wp-json\/wp\/v2\/media?parent=2780"}],"wp:term":[{"taxonomy":"category","embeddable":true,"href":"https:\/\/www.radiopresidenteibanez.cl\/web\/wp-json\/wp\/v2\/categories?post=2780"},{"taxonomy":"post_tag","embeddable":true,"href":"https:\/\/www.radiopresidenteibanez.cl\/web\/wp-json\/wp\/v2\/tags?post=2780"}],"curies":[{"name":"wp","href":"https:\/\/api.w.org\/{rel}","templated":true}]}}