{"id":278,"date":"2019-01-06T18:25:55","date_gmt":"2019-01-06T18:25:55","guid":{"rendered":"http:\/\/www.radiopresidenteibanez.cl\/web\/?p=278"},"modified":"2019-01-06T18:26:19","modified_gmt":"2019-01-06T18:26:19","slug":"descontento-en-funcionarios-de-la-seremi-de-salud-magallanes-debido-a-procesos-irregulares-que-causaron-renuncia-de-funcionaria-con-11-anos-de-servicio","status":"publish","type":"post","link":"https:\/\/www.radiopresidenteibanez.cl\/web\/descontento-en-funcionarios-de-la-seremi-de-salud-magallanes-debido-a-procesos-irregulares-que-causaron-renuncia-de-funcionaria-con-11-anos-de-servicio\/","title":{"rendered":"DESCONTENTO EN FUNCIONARIOS DE LA SEREMI DE SALUD MAGALLANES DEBIDO A PROCESOS IRREGULARES QUE CAUSARON RENUNCIA DE FUNCIONARIA CON 11 A\u00d1OS DE SERVICIO"},"content":{"rendered":"\n<p>El d\u00eda viernes 30 de\nnoviembre hemos tomado conocimiento que nuestra compa\u00f1era Claudia Pozas Barr\u00eda\nfue desvinculada de nuestra instituci\u00f3n en pleno ejercicio de Comisi\u00f3n de\nServicios en el Extranjero, debidamente autorizada por los Ministerios de Salud\ny Relaciones Exteriores (Resoluci\u00f3n Exenta N\u00b0412), y con m\u00e1s de 11 a\u00f1os de\ncarrera en nuestra SEREMI. Sin embargo, durante el mes de Diciembre se informa\na AFAS Magallanes la reincorporaci\u00f3n de la funcionaria a la instituci\u00f3n.<\/p>\n\n\n\n<p>Las causales se\u00f1aladas en\nla resoluci\u00f3n de desvinculaci\u00f3n, (no renovar contrata) N\u00ba1842 de 29 de\nnoviembre de 2018 ser\u00edan que su puesto de trabajo estar\u00eda cubierto por otros funcionarios\nde la Unidado, inclusive por la Jefa de Departamento, no siendo necesidad\nmantener este cargo, ya que ha podido ser cubierto sin tener de contratar a\nalguien en su reemplazo. Ante esta situaci\u00f3n, la resoluci\u00f3n tambi\u00e9n deja de\nmanifiesto que se tuvo que \u201creestructurar la Unidad donde ella se desempe\u00f1aba\u201d;\nno habiendo documento o Resoluci\u00f3n alguna que avale esta reestructuraci\u00f3n.\nExistiendo un resoluci\u00f3n vigente N\u00b03452 de 2 de octubre de 2017 que incluso\n\u201cDesigna a la citada funcionaria como subrogante del encargado de dicha\nUnidad\u201d. <\/p>\n\n\n\n<p>Presentados los\nantecedentes ante el Ministerio, se demostr\u00f3 a la instituci\u00f3n y a las personas\ndirectamente involucradas, la carencia de l\u00f3gica y gravedad de los hechos,\nlogrando que la raz\u00f3n prevalezca y se reintegre a la funcionaria a la\ninstituci\u00f3n. Con el objeto de finalizar correctamente la Comisi\u00f3n de Servicios\nen el Extranjero, Claudia se comunica con la Unidad de Remuneraciones\ndependiente del <strong>Departamento de Desarrollo Institucional (DDI);<\/strong> para\nsolicitar directrices para saber c\u00f3mo proceder; instancia en la que se le\nindica que env\u00ede el formulario de solicitud de Comisi\u00f3n de Servicios en el\nExtranjero; el cual es remitido por la funcionaria; teniendo respesta del\nDepartamento de Desarrollo Institucional (DDI) que no son las \u201ccondiciones que\nautoriz\u00f3 la m\u00e1xima Autoridad de la Instituci\u00f3n\u201d; informaci\u00f3n que nunca se di\u00f3 a\nconocer a la funcionaria, ya que ni la SEREMI de Salud, ni su Jefatura directa,\nni el DDI se comunicaron con ella para &nbsp;que se le diera de manera formal dichas\ncondicionantes . <\/p>\n\n\n\n<p>Todo lo anteriormente\nmencionado, refleja desprolijidad y carencia de profesionalismo en las\ndecisiones directivas, as\u00ed como en los procesos relacionados con la gesti\u00f3n de\nrecursos humanos y Buenas Pr\u00e1cticas Laborales, razones por las cuales la\nfuncionaria Claudia Pozas, decidi\u00f3 presentar su renuncia a la instituci\u00f3n,\ndebido a la inexistencia de un marco que resguarde derechos laborales, el\nrespeto y profesionalismo.<\/p>\n\n\n\n<p>Debido a estos hechos, AFAS\nMagallanes una vez m\u00e1s, <strong>lamenta la escasa claridad en los procesos\nadministrativos<\/strong>, la falta de visi\u00f3n de Estado, al no cuidar el patrimonio\nhumano y mantener en la Instituci\u00f3n funcionarios que podr\u00edan aportar nuevos\nconocimientos y mejorar los procesos al estar capacitados al m\u00e1s alto nivel;\nsino m\u00e1s bien tener una actitud de cero empat\u00eda y mediocridad; tomando en\ncuenta que en primer lugar la funcionaria nunca fue notificada en primera\ninstancia de su despido (enter\u00e1ndose a trav\u00e9s del gremio al realizar en su\nrepresentaci\u00f3n la reposici\u00f3n ante el <\/p>\n\n\n\n<p>Ministerio), sabiendo adem\u00e1s\nque se encontraba con domicilio en el extranjero y posteriormente al no existir\nning\u00fan acompa\u00f1amiento o directriz para cumplir \u201c lo aceptado por la SEREMI \u201c;\nlo cual tampoco fue comunicado en forma escrita y clara. <\/p>\n\n\n\n<p>Creemos que como\ninstituci\u00f3n poco podemos avanzar en las <strong>tan citadas actualmente<\/strong> <strong>\u201cBuenas\nPr\u00e1cticas Laborales (BPL)\u201d<\/strong>; que se convierten s\u00f3lo en papeles escritos, sin\nimportarle que la funcionaria se encuentre a miles de kil\u00f3metros y que exista\nuna familia detr\u00e1s. &nbsp;Cabe se\u00f1alar, que Claudia adem\u00e1s en el mes de octubre\nse aperson\u00f3 en la SEREMI, para realizar su trabajo de investigaci\u00f3n de\npostgrado, no siendo advertida por ninguna jefatura que al 30 de noviembre\nser\u00eda desvinculada. <\/p>\n\n\n\n<p>Esta situaci\u00f3n adem\u00e1s ha\ngenerado que se denoste directamente mi persona como presidenta del Gremio, por\ndefender a los funcionarios siendo increpada por la Jefa de DDI involucrada,\nse\u00f1al\u00e1ndome en reuni\u00f3n del d\u00eda de hoy, que soy una persona mentirosa y poco\ntransparente; Jefatura que adem\u00e1s ha sido nombrada como encargada de BPL. As\u00ed\ndado este escenario, nos parece casi imposible poder avanzar en BPL ante la\npresencia de Jefaturas que increpan p\u00fablicamente al gremio, en desmedro de los\ntrabajadores, siendo abiertamente una pr\u00e1ctica antisindical.<\/p>\n","protected":false},"excerpt":{"rendered":"<p>El d\u00eda viernes 30 de noviembre hemos tomado conocimiento que nuestra compa\u00f1era Claudia Pozas Barr\u00eda fue desvinculada de nuestra instituci\u00f3n en pleno ejercicio de Comisi\u00f3n de Servicios en el Extranjero,&#8230; <a class=\"read-more\" href=\"https:\/\/www.radiopresidenteibanez.cl\/web\/descontento-en-funcionarios-de-la-seremi-de-salud-magallanes-debido-a-procesos-irregulares-que-causaron-renuncia-de-funcionaria-con-11-anos-de-servicio\/\">Leer m\u00e1s<\/a><\/p>\n","protected":false},"author":2,"featured_media":185,"comment_status":"closed","ping_status":"closed","sticky":false,"template":"","format":"standard","meta":{"footnotes":""},"categories":[1],"tags":[],"class_list":["post-278","post","type-post","status-publish","format-standard","has-post-thumbnail","hentry","category-cronica"],"_links":{"self":[{"href":"https:\/\/www.radiopresidenteibanez.cl\/web\/wp-json\/wp\/v2\/posts\/278","targetHints":{"allow":["GET"]}}],"collection":[{"href":"https:\/\/www.radiopresidenteibanez.cl\/web\/wp-json\/wp\/v2\/posts"}],"about":[{"href":"https:\/\/www.radiopresidenteibanez.cl\/web\/wp-json\/wp\/v2\/types\/post"}],"author":[{"embeddable":true,"href":"https:\/\/www.radiopresidenteibanez.cl\/web\/wp-json\/wp\/v2\/users\/2"}],"replies":[{"embeddable":true,"href":"https:\/\/www.radiopresidenteibanez.cl\/web\/wp-json\/wp\/v2\/comments?post=278"}],"version-history":[{"count":0,"href":"https:\/\/www.radiopresidenteibanez.cl\/web\/wp-json\/wp\/v2\/posts\/278\/revisions"}],"wp:featuredmedia":[{"embeddable":true,"href":"https:\/\/www.radiopresidenteibanez.cl\/web\/wp-json\/wp\/v2\/media\/185"}],"wp:attachment":[{"href":"https:\/\/www.radiopresidenteibanez.cl\/web\/wp-json\/wp\/v2\/media?parent=278"}],"wp:term":[{"taxonomy":"category","embeddable":true,"href":"https:\/\/www.radiopresidenteibanez.cl\/web\/wp-json\/wp\/v2\/categories?post=278"},{"taxonomy":"post_tag","embeddable":true,"href":"https:\/\/www.radiopresidenteibanez.cl\/web\/wp-json\/wp\/v2\/tags?post=278"}],"curies":[{"name":"wp","href":"https:\/\/api.w.org\/{rel}","templated":true}]}}