{"id":2777,"date":"2019-03-28T23:28:02","date_gmt":"2019-03-28T23:28:02","guid":{"rendered":"http:\/\/www.radiopresidenteibanez.cl\/web\/?p=2777"},"modified":"2019-03-28T23:28:11","modified_gmt":"2019-03-28T23:28:11","slug":"concurso-de-infografias-injuv-premia-con-hasta-1-000-000","status":"publish","type":"post","link":"https:\/\/www.radiopresidenteibanez.cl\/web\/concurso-de-infografias-injuv-premia-con-hasta-1-000-000\/","title":{"rendered":"CONCURSO DE INFOGRAF\u00cdAS INJUV PREMIA CON HASTA $1.000.000"},"content":{"rendered":"\n<p>El Instituto Nacional de la Juventud (INJUV) lanz\u00f3 la iniciativa \u201cDise\u00f1a las juventudes\u201d, que consiste en un concurso abierto en el que pueden participar personas de entre 15 y 29 a\u00f1os para retratar en una sola infograf\u00eda distintos datos proporcionados sobre las juventudes del pa\u00eds. Esto, a trav\u00e9s de un producto original, creativo y explicativo.<\/p>\n\n\n\n<p>En un mismo trabajo pueden participar una, dos o m\u00e1s personas, quienes tendr\u00e1n hasta el 07 de abril para enviar su propuesta. Al final del concurso se entregar\u00e1n dos premios: $1.000.000 para el primer lugar y $800.000 para el segundo. Adem\u00e1s, la infograf\u00eda ganadora del primer lugar ser\u00e1 impresa y difundida por el INJUV.<\/p>\n\n\n\n<p>Liz Casanueva M\u00e9ndez, la Seremi de Desarrollo Social dijo: \u201cquiero invitar a todos los j\u00f3venes magall\u00e1nicos a participar de este concurso que promueve el talento juvenil y busca que sean los protagonistas del trabajo que realiza INJUV, la suma del premio es considerable, por lo que no se pueden perder esta gran oportunidad de tener un ingreso extra\u201d.<\/p>\n\n\n\n<p>Entre los datos que deber\u00e1n graficar se encuentran el porcentaje de j\u00f3venes entre 15-19 a\u00f1os, porcentaje de mujeres j\u00f3venes, n\u00famero de j\u00f3venes inmigrantes, tasa de desempleo juvenil, participaci\u00f3n pol\u00edtica juvenil, disposici\u00f3n de las juventudes al matrimonio igualitario, etc. Adem\u00e1s, los trabajos se evaluar\u00e1n seg\u00fan su originalidad, visibilidad y claridad de la presentaci\u00f3n, diagramaci\u00f3n, uso de paleta de colores y jerarqu\u00eda de la informaci\u00f3n.<\/p>\n\n\n\n<p>La publicaci\u00f3n de resultados es a partir del 12 de abril y la premiaci\u00f3n ser\u00e1 entre el 22 y 26 de abril de 2019. Para postular debes ingresar todos los datos desde el 20 de marzo en&nbsp;<a href=\"https:\/\/extranet.injuv.gob.cl\/disena_las_juventudes\" target=\"_blank\" rel=\"noreferrer noopener\">https:\/\/extranet.injuv.gob.cl\/disena_las_juventudes<\/a>&nbsp;adjuntando la propuesta en formato JPG o PDF con peso m\u00e1ximo de 10 MB.<\/p>\n\n\n\n<p>Cualquier duda recuerda revisarlas en las bases descargables que se encuentran aqu\u00ed:\u00a0<a rel=\"noreferrer noopener\" href=\"http:\/\/www.injuv.gob.cl\/noticias\/disena-las-juventudes-2019\" target=\"_blank\">http:\/\/www.injuv.gob.cl\/noticias\/disena-las-juventudes-2019<\/a><\/p>\n\n\n\n<figure class=\"wp-block-image\"><img loading=\"lazy\" decoding=\"async\" width=\"1024\" height=\"1024\" src=\"https:\/\/www.radiopresidenteibanez.cl\/web\/wp-content\/uploads\/2019\/03\/Concurso-Infografi\u011ba_post-FB-copia-14-1024x1024.png\" alt=\"\" class=\"wp-image-2778\" srcset=\"https:\/\/www.radiopresidenteibanez.cl\/web\/wp-content\/uploads\/2019\/03\/Concurso-Infografi\u011ba_post-FB-copia-14-1024x1024.png 1024w, https:\/\/www.radiopresidenteibanez.cl\/web\/wp-content\/uploads\/2019\/03\/Concurso-Infografi\u011ba_post-FB-copia-14-150x150.png 150w, https:\/\/www.radiopresidenteibanez.cl\/web\/wp-content\/uploads\/2019\/03\/Concurso-Infografi\u011ba_post-FB-copia-14-300x300.png 300w, https:\/\/www.radiopresidenteibanez.cl\/web\/wp-content\/uploads\/2019\/03\/Concurso-Infografi\u011ba_post-FB-copia-14-768x768.png 768w, https:\/\/www.radiopresidenteibanez.cl\/web\/wp-content\/uploads\/2019\/03\/Concurso-Infografi\u011ba_post-FB-copia-14.png 1251w\" sizes=\"auto, (max-width: 1024px) 100vw, 1024px\" \/><\/figure>\n","protected":false},"excerpt":{"rendered":"<p>El Instituto Nacional de la Juventud (INJUV) lanz\u00f3 la iniciativa \u201cDise\u00f1a las juventudes\u201d, que consiste en un concurso abierto en el que pueden participar personas de entre 15 y 29&#8230; <a class=\"read-more\" href=\"https:\/\/www.radiopresidenteibanez.cl\/web\/concurso-de-infografias-injuv-premia-con-hasta-1-000-000\/\">Leer m\u00e1s<\/a><\/p>\n","protected":false},"author":2,"featured_media":2778,"comment_status":"closed","ping_status":"closed","sticky":false,"template":"","format":"standard","meta":{"footnotes":""},"categories":[1],"tags":[],"class_list":["post-2777","post","type-post","status-publish","format-standard","has-post-thumbnail","hentry","category-cronica"],"_links":{"self":[{"href":"https:\/\/www.radiopresidenteibanez.cl\/web\/wp-json\/wp\/v2\/posts\/2777","targetHints":{"allow":["GET"]}}],"collection":[{"href":"https:\/\/www.radiopresidenteibanez.cl\/web\/wp-json\/wp\/v2\/posts"}],"about":[{"href":"https:\/\/www.radiopresidenteibanez.cl\/web\/wp-json\/wp\/v2\/types\/post"}],"author":[{"embeddable":true,"href":"https:\/\/www.radiopresidenteibanez.cl\/web\/wp-json\/wp\/v2\/users\/2"}],"replies":[{"embeddable":true,"href":"https:\/\/www.radiopresidenteibanez.cl\/web\/wp-json\/wp\/v2\/comments?post=2777"}],"version-history":[{"count":0,"href":"https:\/\/www.radiopresidenteibanez.cl\/web\/wp-json\/wp\/v2\/posts\/2777\/revisions"}],"wp:featuredmedia":[{"embeddable":true,"href":"https:\/\/www.radiopresidenteibanez.cl\/web\/wp-json\/wp\/v2\/media\/2778"}],"wp:attachment":[{"href":"https:\/\/www.radiopresidenteibanez.cl\/web\/wp-json\/wp\/v2\/media?parent=2777"}],"wp:term":[{"taxonomy":"category","embeddable":true,"href":"https:\/\/www.radiopresidenteibanez.cl\/web\/wp-json\/wp\/v2\/categories?post=2777"},{"taxonomy":"post_tag","embeddable":true,"href":"https:\/\/www.radiopresidenteibanez.cl\/web\/wp-json\/wp\/v2\/tags?post=2777"}],"curies":[{"name":"wp","href":"https:\/\/api.w.org\/{rel}","templated":true}]}}