{"id":27734,"date":"2022-03-02T11:16:24","date_gmt":"2022-03-02T14:16:24","guid":{"rendered":"https:\/\/www.radiopresidenteibanez.cl\/web\/?p=27734"},"modified":"2022-03-02T11:24:43","modified_gmt":"2022-03-02T14:24:43","slug":"gobernador-flies-y-futura-delegada-bermudez-reafirman-que-trabajaran-en-conjunto-por-la-region","status":"publish","type":"post","link":"https:\/\/www.radiopresidenteibanez.cl\/web\/gobernador-flies-y-futura-delegada-bermudez-reafirman-que-trabajaran-en-conjunto-por-la-region\/","title":{"rendered":"GOBERNADOR FLIES y FUTURA DELEGADA BERMUDEZ REAFIRMAN QUE TRABAJARAN EN CONJUNTO POR LA REGION"},"content":{"rendered":"\n<p>En las dependencias del Gobierno Regional, el Gobernador\nJorge Flies se reuni\u00f3 con Luz Berm\u00fadez, quien fue designada como Delegada\nPresidencial de Magallanes a partir del pr\u00f3ximo 11 de marzo. <\/p>\n\n\n\n<p>La cita tenia c\u00f3mo\nobjetivo tratar temas sobre el nuevo ciclo del Gobierno entrante y de esta\nmanera reafirmar el compromiso de realizar un trabajo en conjunto por el\nprogreso de la regi\u00f3n. <\/p>\n\n\n\n<p>\u201cEl Presidente Boric nombr\u00f3 una delegada que cumple con\ntodos los criterios para potenciar a la regi\u00f3n. Conversamos sobre todos los\npuntos de trabajos que haremos juntos para trabajar en el desarrollo y\nfortalecimiento del territorio y en la mejor\u00eda en la calidad de vida de los\nhabitantes de Magallanes\u201d destac\u00f3 Flies. <\/p>\n\n\n\n<p>Por su parte, Berm\u00fadez se\u00f1al\u00f3 que \u201cnosotros hemos planteado\nla importancia de reforzar y potenciar a los Gobiernos Regionales y desde la\nDelegaci\u00f3n asumiremos la responsabilidad de colaboraci\u00f3n y de poder acompa\u00f1ar\nen este proceso al Gobernador\u201d. <\/p>\n\n\n\n<p>A partir de ahora comenzar\u00e1 un trabajo coordinado entre ambas\nautoridades que reforzar\u00e1 la labor por el bienestar de la ciudadan\u00eda. <\/p>\n","protected":false},"excerpt":{"rendered":"<p>En las dependencias del Gobierno Regional, el Gobernador Jorge Flies se reuni\u00f3 con Luz Berm\u00fadez, quien fue designada como Delegada Presidencial de Magallanes a partir del pr\u00f3ximo 11 de marzo&#8230;. <a class=\"read-more\" href=\"https:\/\/www.radiopresidenteibanez.cl\/web\/gobernador-flies-y-futura-delegada-bermudez-reafirman-que-trabajaran-en-conjunto-por-la-region\/\">Leer m\u00e1s<\/a><\/p>\n","protected":false},"author":2,"featured_media":27735,"comment_status":"closed","ping_status":"closed","sticky":false,"template":"","format":"standard","meta":{"footnotes":""},"categories":[1],"tags":[],"class_list":["post-27734","post","type-post","status-publish","format-standard","has-post-thumbnail","hentry","category-cronica"],"_links":{"self":[{"href":"https:\/\/www.radiopresidenteibanez.cl\/web\/wp-json\/wp\/v2\/posts\/27734","targetHints":{"allow":["GET"]}}],"collection":[{"href":"https:\/\/www.radiopresidenteibanez.cl\/web\/wp-json\/wp\/v2\/posts"}],"about":[{"href":"https:\/\/www.radiopresidenteibanez.cl\/web\/wp-json\/wp\/v2\/types\/post"}],"author":[{"embeddable":true,"href":"https:\/\/www.radiopresidenteibanez.cl\/web\/wp-json\/wp\/v2\/users\/2"}],"replies":[{"embeddable":true,"href":"https:\/\/www.radiopresidenteibanez.cl\/web\/wp-json\/wp\/v2\/comments?post=27734"}],"version-history":[{"count":0,"href":"https:\/\/www.radiopresidenteibanez.cl\/web\/wp-json\/wp\/v2\/posts\/27734\/revisions"}],"wp:featuredmedia":[{"embeddable":true,"href":"https:\/\/www.radiopresidenteibanez.cl\/web\/wp-json\/wp\/v2\/media\/27735"}],"wp:attachment":[{"href":"https:\/\/www.radiopresidenteibanez.cl\/web\/wp-json\/wp\/v2\/media?parent=27734"}],"wp:term":[{"taxonomy":"category","embeddable":true,"href":"https:\/\/www.radiopresidenteibanez.cl\/web\/wp-json\/wp\/v2\/categories?post=27734"},{"taxonomy":"post_tag","embeddable":true,"href":"https:\/\/www.radiopresidenteibanez.cl\/web\/wp-json\/wp\/v2\/tags?post=27734"}],"curies":[{"name":"wp","href":"https:\/\/api.w.org\/{rel}","templated":true}]}}