{"id":2772,"date":"2019-03-28T23:24:50","date_gmt":"2019-03-28T23:24:50","guid":{"rendered":"http:\/\/www.radiopresidenteibanez.cl\/web\/?p=2772"},"modified":"2019-03-28T23:24:58","modified_gmt":"2019-03-28T23:24:58","slug":"mujeres-magallanicas-culminan-proceso-de-capacitacion-en-nuevas-competencias-laborales","status":"publish","type":"post","link":"https:\/\/www.radiopresidenteibanez.cl\/web\/mujeres-magallanicas-culminan-proceso-de-capacitacion-en-nuevas-competencias-laborales\/","title":{"rendered":"MUJERES MAGALL\u00c1NICAS CULMINAN PROCESO DE CAPACITACI\u00d3N EN NUEVAS COMPETENCIAS LABORALES"},"content":{"rendered":"\n<p>En el auditorio del MOP se realiz\u00f3 la certificaci\u00f3n oficial del Programa Desarrollo de Competencias Laborales, con la presencia de autoridades como la gobernadora de la provincia de Magallanes (s) y seremi del trabajo, la diputada Sandra Amar, la seremi de desarrollo social, la seremi de la mujer y equidad de g\u00e9nero y la directora nacional de Prodemu se llev\u00f3 a cabo la solemne ceremonia donde se entregaron diplomas y materiales para el trabajo de cada una de las 28 beneficiarias que terminaron este proceso.<\/p>\n\n\n\n<p>Este programa de la Fundaci\u00f3n de Promoci\u00f3n y Desarrollo de la Mujer PRODEMU, se ejecuta en convenio con el Ministerio del Trabajo y Previsi\u00f3n Social v\u00eda transferencia monetaria del Ministerio de Desarrollo Social y tiene por objeto potenciar desde la perspectiva econ\u00f3mica a las mujeres pertenecientes a los subsistemas \u201cChile Solidario\u201d y \u201cSeguridades y Oportunidades\u201d, del Sistema de Protecci\u00f3n Social.<\/p>\n\n\n\n<p>La Seremi de Desarrollo Social, Liz Casanueva M\u00e9ndez expres\u00f3: \u201cestamos muy contentas con la certificaci\u00f3n de hoy, \u00e9sta realza a todas las mujeres quienes se dieron el tiempo de participar de cada clase de capacitaci\u00f3n y considerar que nunca es tarde para aprender y emprender. Con estas herramientas ellas pueden lograr una mayor autonom\u00eda y generar ingresos, que tal como no mandat\u00f3 nuestro Presidente Sebasti\u00e1n Pi\u00f1era, va en pro de mejorar su calidad de vida y de desarrollarse como persona en algo nuevo. Quiero reiterar mis felicitaciones para ellas y decirles que sigan adelante, que con ganas y esfuerzo se puede, las mujeres jam\u00e1s hemos sido el sexo d\u00e9bil\u201d.<\/p>\n\n\n\n<p>El objetivo es entregarles competencias b\u00e1sicas de empleabilidad, capacitaci\u00f3n en oficio, e intermediaci\u00f3n laboral, entendida como un conjunto de acciones dirigidas a acercar la demanda y oferta de empleo y redes que potencien su emprendimiento. Esto, a trav\u00e9s de distintos y variados talleres como&nbsp;cuidados y tratamientos est\u00e9ticos de manos y pies o de instalaci\u00f3n de pisos laminados flotantes y cer\u00e1micos, a los cuales pod\u00edan asistir con sus hijos, ya que dispon\u00edan del servicio de cuidado de ni\u00f1os para que pudieran&nbsp;asistir tranquilas y sin inconvenientes.<\/p>\n\n\n\n<p>La Directora Nacional de Fundaci\u00f3n de Promoci\u00f3n y Desarrollo de la Mujer, Paola Diez Berliner dijo: \u201cincentivamos en fundaci\u00f3n Prodemu, que las capacitaciones en oficios de las mujeres sean principalmente oficios rentables, como hoy d\u00eda est\u00e1 tan de moda el tratamiento de manos y pies, y adem\u00e1s en oficios no tradicionales o masculinizados, que son oficios que tradicionalmente son de hombres, pero incentivamos eso porque en estos oficios hay m\u00e1s demanda de trabajo y son mejor pagados\u201d<\/p>\n\n\n\n<p>La autonom\u00eda es un pilar fundamental para las mujeres, sobre todo para quienes m\u00e1s lo necesitan y se encuentran limitadas por la vida familiar. Se ha constatado que es complejo compatibilizar la vida familiar y laboral, sin embargo, el Programa Desarrollo de Competencias Laborales, busca aportar a la poblaci\u00f3n femenina, d\u00e1ndoles a conocer sus derechos y form\u00e1ndolas para que puedan desarrollar habilidades tanto personales como laborales y las capacita para mejorar las posibilidades\u00a0 de su incorporaci\u00f3n al trabajo remunerado e incrementar el ingreso familiar.<\/p>\n\n\n\n<ul class=\"wp-block-gallery columns-2 is-cropped wp-block-gallery-1 is-layout-flex wp-block-gallery-is-layout-flex\"><li class=\"blocks-gallery-item\"><figure><img loading=\"lazy\" decoding=\"async\" width=\"1024\" height=\"737\" src=\"https:\/\/www.radiopresidenteibanez.cl\/web\/wp-content\/uploads\/2019\/03\/IMG_20190328_171223-1-1024x737.jpg\" alt=\"\" data-id=\"2774\" data-link=\"https:\/\/www.radiopresidenteibanez.cl\/web\/?attachment_id=2774\" class=\"wp-image-2774\" srcset=\"https:\/\/www.radiopresidenteibanez.cl\/web\/wp-content\/uploads\/2019\/03\/IMG_20190328_171223-1-1024x737.jpg 1024w, https:\/\/www.radiopresidenteibanez.cl\/web\/wp-content\/uploads\/2019\/03\/IMG_20190328_171223-1-300x216.jpg 300w, https:\/\/www.radiopresidenteibanez.cl\/web\/wp-content\/uploads\/2019\/03\/IMG_20190328_171223-1-768x553.jpg 768w, https:\/\/www.radiopresidenteibanez.cl\/web\/wp-content\/uploads\/2019\/03\/IMG_20190328_171223-1.jpg 1319w\" sizes=\"auto, (max-width: 1024px) 100vw, 1024px\" \/><\/figure><\/li><li class=\"blocks-gallery-item\"><figure><img loading=\"lazy\" decoding=\"async\" width=\"1024\" height=\"683\" src=\"https:\/\/www.radiopresidenteibanez.cl\/web\/wp-content\/uploads\/2019\/03\/IMG_20190328_171612-1024x683.jpg\" alt=\"\" data-id=\"2775\" data-link=\"https:\/\/www.radiopresidenteibanez.cl\/web\/?attachment_id=2775\" class=\"wp-image-2775\" srcset=\"https:\/\/www.radiopresidenteibanez.cl\/web\/wp-content\/uploads\/2019\/03\/IMG_20190328_171612-1024x683.jpg 1024w, https:\/\/www.radiopresidenteibanez.cl\/web\/wp-content\/uploads\/2019\/03\/IMG_20190328_171612-300x200.jpg 300w, https:\/\/www.radiopresidenteibanez.cl\/web\/wp-content\/uploads\/2019\/03\/IMG_20190328_171612-768x512.jpg 768w, https:\/\/www.radiopresidenteibanez.cl\/web\/wp-content\/uploads\/2019\/03\/IMG_20190328_171612.jpg 1620w\" sizes=\"auto, (max-width: 1024px) 100vw, 1024px\" \/><\/figure><\/li><\/ul>\n","protected":false},"excerpt":{"rendered":"<p>En el auditorio del MOP se realiz\u00f3 la certificaci\u00f3n oficial del Programa Desarrollo de Competencias Laborales, con la presencia de autoridades como la gobernadora de la provincia de Magallanes (s)&#8230; <a class=\"read-more\" href=\"https:\/\/www.radiopresidenteibanez.cl\/web\/mujeres-magallanicas-culminan-proceso-de-capacitacion-en-nuevas-competencias-laborales\/\">Leer m\u00e1s<\/a><\/p>\n","protected":false},"author":2,"featured_media":2774,"comment_status":"closed","ping_status":"closed","sticky":false,"template":"","format":"standard","meta":{"footnotes":""},"categories":[1],"tags":[],"class_list":["post-2772","post","type-post","status-publish","format-standard","has-post-thumbnail","hentry","category-cronica"],"_links":{"self":[{"href":"https:\/\/www.radiopresidenteibanez.cl\/web\/wp-json\/wp\/v2\/posts\/2772","targetHints":{"allow":["GET"]}}],"collection":[{"href":"https:\/\/www.radiopresidenteibanez.cl\/web\/wp-json\/wp\/v2\/posts"}],"about":[{"href":"https:\/\/www.radiopresidenteibanez.cl\/web\/wp-json\/wp\/v2\/types\/post"}],"author":[{"embeddable":true,"href":"https:\/\/www.radiopresidenteibanez.cl\/web\/wp-json\/wp\/v2\/users\/2"}],"replies":[{"embeddable":true,"href":"https:\/\/www.radiopresidenteibanez.cl\/web\/wp-json\/wp\/v2\/comments?post=2772"}],"version-history":[{"count":0,"href":"https:\/\/www.radiopresidenteibanez.cl\/web\/wp-json\/wp\/v2\/posts\/2772\/revisions"}],"wp:featuredmedia":[{"embeddable":true,"href":"https:\/\/www.radiopresidenteibanez.cl\/web\/wp-json\/wp\/v2\/media\/2774"}],"wp:attachment":[{"href":"https:\/\/www.radiopresidenteibanez.cl\/web\/wp-json\/wp\/v2\/media?parent=2772"}],"wp:term":[{"taxonomy":"category","embeddable":true,"href":"https:\/\/www.radiopresidenteibanez.cl\/web\/wp-json\/wp\/v2\/categories?post=2772"},{"taxonomy":"post_tag","embeddable":true,"href":"https:\/\/www.radiopresidenteibanez.cl\/web\/wp-json\/wp\/v2\/tags?post=2772"}],"curies":[{"name":"wp","href":"https:\/\/api.w.org\/{rel}","templated":true}]}}