{"id":2769,"date":"2019-03-28T23:21:59","date_gmt":"2019-03-28T23:21:59","guid":{"rendered":"http:\/\/www.radiopresidenteibanez.cl\/web\/?p=2769"},"modified":"2019-03-28T23:22:18","modified_gmt":"2019-03-28T23:22:18","slug":"puesto-de-control-para-kon-aiken-comienza-a-tomar-forma","status":"publish","type":"post","link":"https:\/\/www.radiopresidenteibanez.cl\/web\/puesto-de-control-para-kon-aiken-comienza-a-tomar-forma\/","title":{"rendered":"PUESTO DE CONTROL PARA KON-AIKEN COMIENZA A TOMAR FORMA"},"content":{"rendered":"\n<p>Muy bien recibido por las autoridades del Agro fue el Ante Proyecto dise\u00f1ado por la Municipalidad de Punta Arenas, el cual busca concretar un Puesto de Control&nbsp; en el paso Kon Aiken, ubicado en el sector de R\u00edo Pescado, distante a unos 60 kil\u00f3metros de la ciudad.<\/p>\n\n\n\n<p>La iniciativa presentada por el Alcalde Claudio Radonich, a trav\u00e9s de la Direcci\u00f3n de Obras de la Ilustre Municipalidad de Punta Arenas, permitir\u00eda en un mediano plazo, dar soluci\u00f3n a una sentida demanda de diversos sectores que requieren&nbsp; de un control en el&nbsp; principal acceso terrestre que tiene la ciudad de Punta Arenas.<\/p>\n\n\n\n<p>La reuni\u00f3n de entrega tuvo lugar en las dependencias de la&nbsp; Secretar\u00eda Regional Ministerial de Agricultura, ocasi\u00f3n donde Alfonso Roux, seremi regional de dicha cartera y el director regional del SAG, Gerardo Otzen, recibieron de manos del propio Alcalde, el plano que presenta una obra valorizada aproximadamente en&nbsp; 48 millones de pesos, considerando adem\u00e1s su equipamiento.<\/p>\n\n\n\n<p>\u201cEste Puesto de Control Policial permitir\u00eda en un mediano plazo que funcionarios de Carabineros, del Sag y eventualmente del Servicio de Impuestos Internos, puedan realizar sus labores con una buena habitabilidad para fiscalizaci\u00f3n\u201d afirm\u00f3 el edil, refiri\u00e9ndose puntalmente al abigeato, ingreso de drogas y contrabando, por mencionar algunos delitos.<\/p>\n\n\n\n<p>Por su parte el seremi de Agricultura junto con valorar la propuesta, explic\u00f3 que esta reuni\u00f3n entre el Alcalde, las Polic\u00edas, el ministerio de Agricultura y la direcci\u00f3n regional del SAG, permite abordar el&nbsp; tema del abigeato. \u201cEste Puesto Control permitir\u00eda que exista la presencia de Carabineros las 24 horas. Actualmente hay un esfuerzo por parte de las polic\u00edas en algunas horas del d\u00eda, pero estimamos que esto no es suficiente. Necesitamos que sean las 24 horas del d\u00eda que permita controlar a todos los animales que van al matadero o en tr\u00e1nsito a otro predio desde el sector ganadero.\u201d<\/p>\n\n\n\n<p>En tanto, el Coronel Ricardo Rubat, prefecto Carabineros de Magallanes, agreg\u00f3 que \u201cesto tiene tres aspectos importantes para el desarrollo final del Puesto de Control. Uno log\u00edstico, que permitir\u00e1 mejorar las instalaciones del Puesto de Control actual. Segundo, la implementaci\u00f3n de tecnol\u00f3gica con c\u00e1maras de tele vigilancia, lo cual facilitar\u00eda la tarea policial en el sector. Y el tercero y \u00faltimo, el aumento del recurso humano, algo que conlleva solicitar al nivel central la autorizaci\u00f3n para reforzar el sector urbano y rural, para poder complementar la tarea en Kon-Aiken\u201d.<\/p>\n\n\n\n<figure class=\"wp-block-image\"><img loading=\"lazy\" decoding=\"async\" width=\"1024\" height=\"684\" src=\"https:\/\/www.radiopresidenteibanez.cl\/web\/wp-content\/uploads\/2019\/03\/IMG_20190327_102537-1024x684.jpg\" alt=\"\" class=\"wp-image-2770\" srcset=\"https:\/\/www.radiopresidenteibanez.cl\/web\/wp-content\/uploads\/2019\/03\/IMG_20190327_102537.jpg 1024w, https:\/\/www.radiopresidenteibanez.cl\/web\/wp-content\/uploads\/2019\/03\/IMG_20190327_102537-300x200.jpg 300w, https:\/\/www.radiopresidenteibanez.cl\/web\/wp-content\/uploads\/2019\/03\/IMG_20190327_102537-768x513.jpg 768w\" sizes=\"auto, (max-width: 1024px) 100vw, 1024px\" \/><\/figure>\n","protected":false},"excerpt":{"rendered":"<p>Muy bien recibido por las autoridades del Agro fue el Ante Proyecto dise\u00f1ado por la Municipalidad de Punta Arenas, el cual busca concretar un Puesto de Control&nbsp; en el paso&#8230; <a class=\"read-more\" href=\"https:\/\/www.radiopresidenteibanez.cl\/web\/puesto-de-control-para-kon-aiken-comienza-a-tomar-forma\/\">Leer m\u00e1s<\/a><\/p>\n","protected":false},"author":2,"featured_media":2770,"comment_status":"closed","ping_status":"closed","sticky":false,"template":"","format":"standard","meta":{"footnotes":""},"categories":[1],"tags":[],"class_list":["post-2769","post","type-post","status-publish","format-standard","has-post-thumbnail","hentry","category-cronica"],"_links":{"self":[{"href":"https:\/\/www.radiopresidenteibanez.cl\/web\/wp-json\/wp\/v2\/posts\/2769","targetHints":{"allow":["GET"]}}],"collection":[{"href":"https:\/\/www.radiopresidenteibanez.cl\/web\/wp-json\/wp\/v2\/posts"}],"about":[{"href":"https:\/\/www.radiopresidenteibanez.cl\/web\/wp-json\/wp\/v2\/types\/post"}],"author":[{"embeddable":true,"href":"https:\/\/www.radiopresidenteibanez.cl\/web\/wp-json\/wp\/v2\/users\/2"}],"replies":[{"embeddable":true,"href":"https:\/\/www.radiopresidenteibanez.cl\/web\/wp-json\/wp\/v2\/comments?post=2769"}],"version-history":[{"count":0,"href":"https:\/\/www.radiopresidenteibanez.cl\/web\/wp-json\/wp\/v2\/posts\/2769\/revisions"}],"wp:featuredmedia":[{"embeddable":true,"href":"https:\/\/www.radiopresidenteibanez.cl\/web\/wp-json\/wp\/v2\/media\/2770"}],"wp:attachment":[{"href":"https:\/\/www.radiopresidenteibanez.cl\/web\/wp-json\/wp\/v2\/media?parent=2769"}],"wp:term":[{"taxonomy":"category","embeddable":true,"href":"https:\/\/www.radiopresidenteibanez.cl\/web\/wp-json\/wp\/v2\/categories?post=2769"},{"taxonomy":"post_tag","embeddable":true,"href":"https:\/\/www.radiopresidenteibanez.cl\/web\/wp-json\/wp\/v2\/tags?post=2769"}],"curies":[{"name":"wp","href":"https:\/\/api.w.org\/{rel}","templated":true}]}}