{"id":27669,"date":"2022-02-24T16:43:00","date_gmt":"2022-02-24T19:43:00","guid":{"rendered":"https:\/\/www.radiopresidenteibanez.cl\/web\/?p=27669"},"modified":"2022-02-24T15:34:52","modified_gmt":"2022-02-24T18:34:52","slug":"radiohead-en-vivo-en-el-ultimo-tren-a-casa","status":"publish","type":"post","link":"https:\/\/www.radiopresidenteibanez.cl\/web\/radiohead-en-vivo-en-el-ultimo-tren-a-casa\/","title":{"rendered":"RADIOHEAD EN VIVO EN EL \u00daLTIMO TREN A CASA"},"content":{"rendered":"\n<p>Este viernes 25 de febrero 19 hrs. el programa\u00a0<em><strong>\u00abEl \u00faltimo tren a casa\u00bb<\/strong><\/em>\u00a0 que produce el Colectivo Aczi\u00f3n Kultural\u00a0 y\u00a0 \u00a0que conduce Pedro Guichapany presenta una edici\u00f3n dedicada a la banda brit\u00e1nica\u00a0<strong>RADIOHEAD<\/strong>.\u00a0 Formada el a\u00f1o 1985, inicialmente fueron una banda de covers. Ser\u00eda a comienzos de los 90&#8242; cuando alcanzan el \u00e9xito definitivo con su canci\u00f3n \u00abCreep\u00bb.Su estilo ha sido etiquetado como post-rock y krautrock con elementos del cool jazz t y trp-hop. Son liderados por su cantante, guitarrista y compositor Tom Yorke, adem\u00e1s el grupo lo integran Johnny Greenwood en guitarra solista, teclados y otros instrumentos; Ed O&#8217;Brien en guitarra y segunda voz; Colin Greenwood en bajo y teclados y Phil Selway en bater\u00eda y percusi\u00f3n.Lo que se dar\u00e1 a conocer en el programa es su participaci\u00f3n en el Festival de Glastonbury de 2003 que incluye \u00e9xitos como \u00abParanoid Android\u00bb, \u00ab2+2=5\u00bb, \u00abNo Surprises\u00bb, \u00abThe Gloaming\u00bb, entre otros.M\u00fasica para escuchar y ver a trav\u00e9s de todas las frecuencias de Radio Presidente Ib\u00e1\u00f1ez<br><\/p>\n","protected":false},"excerpt":{"rendered":"<p>Este viernes 25 de febrero 19 hrs. el programa\u00a0\u00abEl \u00faltimo tren a casa\u00bb\u00a0 que produce el Colectivo Aczi\u00f3n Kultural\u00a0 y\u00a0 \u00a0que conduce Pedro Guichapany presenta una edici\u00f3n dedicada a la&#8230; <a class=\"read-more\" href=\"https:\/\/www.radiopresidenteibanez.cl\/web\/radiohead-en-vivo-en-el-ultimo-tren-a-casa\/\">Leer m\u00e1s<\/a><\/p>\n","protected":false},"author":2,"featured_media":27670,"comment_status":"closed","ping_status":"closed","sticky":false,"template":"","format":"standard","meta":{"footnotes":""},"categories":[1],"tags":[],"class_list":["post-27669","post","type-post","status-publish","format-standard","has-post-thumbnail","hentry","category-cronica"],"_links":{"self":[{"href":"https:\/\/www.radiopresidenteibanez.cl\/web\/wp-json\/wp\/v2\/posts\/27669","targetHints":{"allow":["GET"]}}],"collection":[{"href":"https:\/\/www.radiopresidenteibanez.cl\/web\/wp-json\/wp\/v2\/posts"}],"about":[{"href":"https:\/\/www.radiopresidenteibanez.cl\/web\/wp-json\/wp\/v2\/types\/post"}],"author":[{"embeddable":true,"href":"https:\/\/www.radiopresidenteibanez.cl\/web\/wp-json\/wp\/v2\/users\/2"}],"replies":[{"embeddable":true,"href":"https:\/\/www.radiopresidenteibanez.cl\/web\/wp-json\/wp\/v2\/comments?post=27669"}],"version-history":[{"count":0,"href":"https:\/\/www.radiopresidenteibanez.cl\/web\/wp-json\/wp\/v2\/posts\/27669\/revisions"}],"wp:featuredmedia":[{"embeddable":true,"href":"https:\/\/www.radiopresidenteibanez.cl\/web\/wp-json\/wp\/v2\/media\/27670"}],"wp:attachment":[{"href":"https:\/\/www.radiopresidenteibanez.cl\/web\/wp-json\/wp\/v2\/media?parent=27669"}],"wp:term":[{"taxonomy":"category","embeddable":true,"href":"https:\/\/www.radiopresidenteibanez.cl\/web\/wp-json\/wp\/v2\/categories?post=27669"},{"taxonomy":"post_tag","embeddable":true,"href":"https:\/\/www.radiopresidenteibanez.cl\/web\/wp-json\/wp\/v2\/tags?post=27669"}],"curies":[{"name":"wp","href":"https:\/\/api.w.org\/{rel}","templated":true}]}}