{"id":27600,"date":"2022-02-21T12:43:00","date_gmt":"2022-02-21T15:43:00","guid":{"rendered":"https:\/\/www.radiopresidenteibanez.cl\/web\/?p=27600"},"modified":"2022-02-21T11:30:11","modified_gmt":"2022-02-21T14:30:11","slug":"sec-magallanes-recuerda-que-en-sec-cl-la-comunidad-puede-reportar-dudas-o-reclamos-al-utilizar-los-energeticos","status":"publish","type":"post","link":"https:\/\/www.radiopresidenteibanez.cl\/web\/sec-magallanes-recuerda-que-en-sec-cl-la-comunidad-puede-reportar-dudas-o-reclamos-al-utilizar-los-energeticos\/","title":{"rendered":"SEC MAGALLANES RECUERDA QUE EN SEC.CL LA COMUNIDAD PUEDE REPORTAR DUDAS O RECLAMOS AL UTILIZAR LOS ENERGETICOS"},"content":{"rendered":"\n<p>La Direcci\u00f3n Regional Magallanes de la SEC, record\u00f3 esta jornada que la comunidad, a trav\u00e9s de sus tel\u00e9fonos celulares, puede reportar de forma sencilla situaciones como cortes de luz, adem\u00e1s de reclamos o consultas sobre el uso de la electricidad y combustibles en la regi\u00f3n.<\/p>\n\n\n\n<p>Por ejemplo, el organismo fiscalizador indic\u00f3 que ante interrupciones de suministro el\u00e9ctrico no programadas, las y los afectados deben digitar en el navegador de sus dispositivos m\u00f3viles&nbsp;<a href=\"http:\/\/www.sec.cl\/\" target=\"_blank\" rel=\"noreferrer noopener\">www.sec.cl<\/a>, seleccionar \u201cReclamo o Denuncia por Electricidad\u201d y posteriormente \u201cCorte de Luz\u201d. Si tras este hecho un artefacto falla, la opci\u00f3n es \u201cDa\u00f1o de Artefacto\u201d; y ante dudas con la boleta de consumo el\u00e9ctrico, deben ingresar a \u201cReclamo por Problemas de Cobro o Facturaci\u00f3n\u201d.<\/p>\n\n\n\n<p>En el caso de las emergencias vinculadas al gas, como por ejemplo fugas, o si hay dudas con la calidad del combustible a la venta en la regi\u00f3n, tras ingresar al sitio de la SEC basta seleccionar \u201cReclamo o Denuncia por Combustible\u201d.<\/p>\n\n\n\n<p>Juan Barticevic, Director Regional de SEC Magallanes, indic\u00f3 que \u201cas\u00ed como las y los usuarios de la regi\u00f3n tienen derecho a recibir energ\u00e9ticos seguros y de calidad, tambi\u00e9n deben contar con canales que les permitan reportar, de forma oportuna y expedita, sus reclamos o consultas. En este sentido, la SEC pone a su disposici\u00f3n una v\u00eda de comunicaci\u00f3n que est\u00e1 disponible de forma permanente y que permite realizar diversos procedimientos vinculados a los energ\u00e9ticos\u201d.<\/p>\n\n\n\n<p><strong>ATENCI\u00d3N PERMANENTE<\/strong><\/p>\n\n\n\n<p>Tambi\u00e9n en&nbsp;<a href=\"http:\/\/www.sec.cl\/\" target=\"_blank\" rel=\"noreferrer noopener\">www.sec.cl<\/a>, las familias de la regi\u00f3n que cuenten con alg\u00fan paciente electrodependiente, con hospitalizaci\u00f3n domiciliaria, podr\u00e1n registrarse para formar parte del listado oficial, que da derecho a una serie de beneficios. Para ello, deben ingresar a \u201cSolicitud de Registro Paciente Electro-dependiente\u201d y entregar los datos solicitados.<\/p>\n\n\n\n<p>Por \u00faltimo, las y los vecinos podr\u00e1n acceder al servicio de \u201cVideo Llamada SEC\u201d, plataforma donde personal del organismo fiscalizador atender\u00e1 en tiempo real, las consultas, reclamos o requerimientos sobre la electricidad o combustibles.<\/p>\n\n\n\n<p>Asimismo, la invitaci\u00f3n es a seguir las cuentas de la SEC en Twitter (@SEC_cl) y Facebook, como Superintendencia SEC, donde la ciudadan\u00eda podr\u00e1 acceder a informaci\u00f3n \u00fatil, consejos de seguridad y calidad en el uso de los energ\u00e9ticos.<\/p>\n","protected":false},"excerpt":{"rendered":"<p>La Direcci\u00f3n Regional Magallanes de la SEC, record\u00f3 esta jornada que la comunidad, a trav\u00e9s de sus tel\u00e9fonos celulares, puede reportar de forma sencilla situaciones como cortes de luz, adem\u00e1s&#8230; <a class=\"read-more\" href=\"https:\/\/www.radiopresidenteibanez.cl\/web\/sec-magallanes-recuerda-que-en-sec-cl-la-comunidad-puede-reportar-dudas-o-reclamos-al-utilizar-los-energeticos\/\">Leer m\u00e1s<\/a><\/p>\n","protected":false},"author":2,"featured_media":27601,"comment_status":"closed","ping_status":"closed","sticky":false,"template":"","format":"standard","meta":{"footnotes":""},"categories":[1],"tags":[],"class_list":["post-27600","post","type-post","status-publish","format-standard","has-post-thumbnail","hentry","category-cronica"],"_links":{"self":[{"href":"https:\/\/www.radiopresidenteibanez.cl\/web\/wp-json\/wp\/v2\/posts\/27600","targetHints":{"allow":["GET"]}}],"collection":[{"href":"https:\/\/www.radiopresidenteibanez.cl\/web\/wp-json\/wp\/v2\/posts"}],"about":[{"href":"https:\/\/www.radiopresidenteibanez.cl\/web\/wp-json\/wp\/v2\/types\/post"}],"author":[{"embeddable":true,"href":"https:\/\/www.radiopresidenteibanez.cl\/web\/wp-json\/wp\/v2\/users\/2"}],"replies":[{"embeddable":true,"href":"https:\/\/www.radiopresidenteibanez.cl\/web\/wp-json\/wp\/v2\/comments?post=27600"}],"version-history":[{"count":0,"href":"https:\/\/www.radiopresidenteibanez.cl\/web\/wp-json\/wp\/v2\/posts\/27600\/revisions"}],"wp:featuredmedia":[{"embeddable":true,"href":"https:\/\/www.radiopresidenteibanez.cl\/web\/wp-json\/wp\/v2\/media\/27601"}],"wp:attachment":[{"href":"https:\/\/www.radiopresidenteibanez.cl\/web\/wp-json\/wp\/v2\/media?parent=27600"}],"wp:term":[{"taxonomy":"category","embeddable":true,"href":"https:\/\/www.radiopresidenteibanez.cl\/web\/wp-json\/wp\/v2\/categories?post=27600"},{"taxonomy":"post_tag","embeddable":true,"href":"https:\/\/www.radiopresidenteibanez.cl\/web\/wp-json\/wp\/v2\/tags?post=27600"}],"curies":[{"name":"wp","href":"https:\/\/api.w.org\/{rel}","templated":true}]}}