{"id":27591,"date":"2022-02-21T09:58:00","date_gmt":"2022-02-21T12:58:00","guid":{"rendered":"https:\/\/www.radiopresidenteibanez.cl\/web\/?p=27591"},"modified":"2022-02-21T09:31:57","modified_gmt":"2022-02-21T12:31:57","slug":"colegio-de-contadores-tiene-nuevo-consejo-regional-en-magallanes","status":"publish","type":"post","link":"https:\/\/www.radiopresidenteibanez.cl\/web\/colegio-de-contadores-tiene-nuevo-consejo-regional-en-magallanes\/","title":{"rendered":"COLEGIO DE CONTADORES TIENE NUEVO CONSEJO REGIONAL EN MAGALLANES"},"content":{"rendered":"\n<p>El Consejo\nRegional de Magallanes del Colegio de Contadores de Chile A.G. tiene el agrado\nde informar a la comunidad que, cumpliendo con el Estatuto y el Reglamento de\nElecciones de nuestra asociaci\u00f3n gremial, se ha finalizado el proceso de\nelecci\u00f3n de Consejeros Regionales, que representar\u00e1n a los 110 colegiados de\nMagallanes por el periodo 2021 \u2013 2024.<\/p>\n\n\n\n<p>Con fecha 04\nde febrero, posterior a la proclamaci\u00f3n por el Consejo Nacional, se reunieron\nlos Consejeros Regionales para constituirse como directiva, la cual quedo\nconformado por decisi\u00f3n un\u00e1nime de la siguiente manera:<\/p>\n\n\n\n<p>Presidente&nbsp;&nbsp;&nbsp;&nbsp;&nbsp; &nbsp;&nbsp;&nbsp;&nbsp;&nbsp;&nbsp;&nbsp;&nbsp;&nbsp;&nbsp;&nbsp; :\nAdolfo Juan Canales Guentelic\u00e1n <\/p>\n\n\n\n<p>Vicepresidente&nbsp;&nbsp;&nbsp;&nbsp;&nbsp;&nbsp;&nbsp;&nbsp;&nbsp; : Ang\u00e9lica Mar\u00eda Morales Vargas&nbsp;&nbsp;&nbsp; <\/p>\n\n\n\n<p>Secretario&nbsp;&nbsp;&nbsp;&nbsp;&nbsp;&nbsp; &nbsp;&nbsp;&nbsp;&nbsp;&nbsp;&nbsp;&nbsp;&nbsp;&nbsp;&nbsp;&nbsp; :\nPatricia del Carmen Paredes Mansilla &nbsp;&nbsp;&nbsp; <\/p>\n\n\n\n<p>Tesorero&nbsp;&nbsp;&nbsp;&nbsp;&nbsp;&nbsp;&nbsp;&nbsp; &nbsp;&nbsp;&nbsp;&nbsp;&nbsp;&nbsp;&nbsp;&nbsp;&nbsp;&nbsp;&nbsp; :\nAlberto Leonel Collao P\u00e9rez &nbsp;&nbsp;&nbsp;&nbsp;&nbsp;&nbsp;&nbsp;&nbsp;&nbsp;&nbsp;&nbsp;&nbsp;&nbsp;&nbsp;&nbsp;&nbsp;&nbsp;&nbsp;&nbsp; <\/p>\n\n\n\n<p>Director&nbsp;&nbsp;&nbsp;&nbsp;&nbsp;&nbsp;&nbsp;&nbsp;&nbsp; &nbsp;&nbsp;&nbsp;&nbsp;&nbsp;&nbsp;&nbsp;&nbsp;&nbsp;&nbsp;&nbsp; :\nJuan Enrique Aguila M\u00e9ndez&nbsp;&nbsp;&nbsp;&nbsp;&nbsp;&nbsp;&nbsp;&nbsp;&nbsp;&nbsp;&nbsp;&nbsp;&nbsp;&nbsp;&nbsp;&nbsp;&nbsp;&nbsp;&nbsp; <\/p>\n\n\n\n<p>A su vez, la\nnueva Directiva design\u00f3 como Delegado Nacional a do\u00f1a Patricia Vera Jelves, quien\nact\u00faa como representante ante el Consejo Nacional del Colegio de Contadores de\nChile A.G.<\/p>\n\n\n\n<p>Por otro\nlado, se designa a nuestra colega de Porvenir, do\u00f1a Doris Mimica Navarro, como\nDelegada Provincial en Tierra del Fuego, que le permitir\u00e1 representarnos ante\nlas autoridades provinciales y comunales, manifestando inquietudes y\napreciaciones que involucran a nuestra profesi\u00f3n.<\/p>\n\n\n\n<p>Es bueno\naclarar que el proceso eleccionario se concentr\u00f3 en una lista \u00fanica, la cual\ncont\u00f3 con el valioso e importante apoyo de los Colegiados de Magallanes, siendo\npara nosotros un honor representarlos a nivel regional y nacional.<\/p>\n\n\n\n<p>Por otro\nlado, se agradece sinceramente el apoyo brindado en el periodo 2018-2021 a don\nManuel C\u00e1rdenas C\u00e1rcamo, quien se desempe\u00f1\u00f3 como Tesorero regional, y a don\nRoberto D\u00edaz Alvarado quien fue nuestro Delegado Nacional, aportando su\nexperiencia y consejo permanente.<\/p>\n\n\n\n<p>Por \u00faltimo y\nno menos importante. &nbsp;Agradecer a los comunicadores,\nperiodistas, medios de comunicaci\u00f3n y administradores de redes sociales por el\napoyo brindado a nuestro gremio en el periodo 2018-2021, canalizando\ninformaci\u00f3n en apoyo a la PYME y comunidad magall\u00e1nica en general y difundiendo\nnuestras inquietudes que llegaron a hacer eco a nivel nacional.&nbsp; En nombre de los contadores y contadoras asociados\nen Magallanes\u2026 \u00a1\u00a1 Muchas gracias!!<\/p>\n","protected":false},"excerpt":{"rendered":"<p>El Consejo Regional de Magallanes del Colegio de Contadores de Chile A.G. tiene el agrado de informar a la comunidad que, cumpliendo con el Estatuto y el Reglamento de Elecciones&#8230; <a class=\"read-more\" href=\"https:\/\/www.radiopresidenteibanez.cl\/web\/colegio-de-contadores-tiene-nuevo-consejo-regional-en-magallanes\/\">Leer m\u00e1s<\/a><\/p>\n","protected":false},"author":2,"featured_media":27592,"comment_status":"closed","ping_status":"closed","sticky":false,"template":"","format":"standard","meta":{"footnotes":""},"categories":[1],"tags":[],"class_list":["post-27591","post","type-post","status-publish","format-standard","has-post-thumbnail","hentry","category-cronica"],"_links":{"self":[{"href":"https:\/\/www.radiopresidenteibanez.cl\/web\/wp-json\/wp\/v2\/posts\/27591","targetHints":{"allow":["GET"]}}],"collection":[{"href":"https:\/\/www.radiopresidenteibanez.cl\/web\/wp-json\/wp\/v2\/posts"}],"about":[{"href":"https:\/\/www.radiopresidenteibanez.cl\/web\/wp-json\/wp\/v2\/types\/post"}],"author":[{"embeddable":true,"href":"https:\/\/www.radiopresidenteibanez.cl\/web\/wp-json\/wp\/v2\/users\/2"}],"replies":[{"embeddable":true,"href":"https:\/\/www.radiopresidenteibanez.cl\/web\/wp-json\/wp\/v2\/comments?post=27591"}],"version-history":[{"count":0,"href":"https:\/\/www.radiopresidenteibanez.cl\/web\/wp-json\/wp\/v2\/posts\/27591\/revisions"}],"wp:featuredmedia":[{"embeddable":true,"href":"https:\/\/www.radiopresidenteibanez.cl\/web\/wp-json\/wp\/v2\/media\/27592"}],"wp:attachment":[{"href":"https:\/\/www.radiopresidenteibanez.cl\/web\/wp-json\/wp\/v2\/media?parent=27591"}],"wp:term":[{"taxonomy":"category","embeddable":true,"href":"https:\/\/www.radiopresidenteibanez.cl\/web\/wp-json\/wp\/v2\/categories?post=27591"},{"taxonomy":"post_tag","embeddable":true,"href":"https:\/\/www.radiopresidenteibanez.cl\/web\/wp-json\/wp\/v2\/tags?post=27591"}],"curies":[{"name":"wp","href":"https:\/\/api.w.org\/{rel}","templated":true}]}}