{"id":27542,"date":"2022-02-17T12:59:00","date_gmt":"2022-02-17T15:59:00","guid":{"rendered":"https:\/\/www.radiopresidenteibanez.cl\/web\/?p=27542"},"modified":"2022-02-17T11:15:53","modified_gmt":"2022-02-17T14:15:53","slug":"la-junji-desarrolla-con-exito-el-programa-jardines-de-verano-en-puerto-natales-y-punta-arenas","status":"publish","type":"post","link":"https:\/\/www.radiopresidenteibanez.cl\/web\/la-junji-desarrolla-con-exito-el-programa-jardines-de-verano-en-puerto-natales-y-punta-arenas\/","title":{"rendered":"LA JUNJI DESARROLLA CON EXITO EL PROGRAMA JARDINES DE VERANO EN PUERTO NATALES Y PUNTA ARENAS"},"content":{"rendered":"\n<p>Como cada a\u00f1o la Junta Nacional de Jardines Infantiles (JUNJI), en Puerto Natales y Punta Arenas, trabaja su tradicional programa Jardines Infantiles de Verano. \u00c9ste funciona para los p\u00e1rvulos que asisten regularmente a unidades de la instituci\u00f3n, cuyas familias realizan trabajos en \u00e9poca estival. Para ellos, se han habilitado los establecimientos educacionales \u201cLos Chulenguitos\u201d en la capital de la provincia de \u00daltima Esperanza y \u201cLas Charitas\u201d en Punta Arenas.<\/p>\n\n\n\n<p>Este programa est\u00e1 orientado a quienes requieren mayores aportes del Estado de Chile y que necesitan que sus hijas e hijos permanezcan en un espacio educativo. Las actividades pedag\u00f3gicas son principalmente al aire libre, aprovechando el mejor clima y se hacen experiencias l\u00fadicas y recreativas. El programa durar\u00e1 hasta el viernes 25 de febrero de 2022.<\/p>\n\n\n\n<p>La educadora Alejandra Millapani es la encargada del Jard\u00edn de Verano \u201cLos Chulenguitos\u201d de Natales, que est\u00e1 en calle Javiera Carrera 1475. Ella detall\u00f3 que hay 20 ni\u00f1as y ni\u00f1os matriculados en Sala Cuna y 22 en los niveles medios. \u201cLos peque\u00f1os disfrutan de experiencias educativas relacionadas con la expresi\u00f3n art\u00edstica. Por ejemplo, se divirtieron con una entretenida fiesta de papel\u201d, dijo la profesional.<\/p>\n\n\n\n<p>Montserrat Hern\u00e1ndez es la educadora a cargo del Jard\u00edn de Verano \u201cLas Charitas\u201d de Punta Arenas. Ella manifest\u00f3 que \u201chemos trabajado para que las 90 ni\u00f1as y ni\u00f1os matriculados vivan unas vacaciones entretenidas y l\u00fadicas con sus amigas y amigos. Se trata de un espacio para el juego y, sobre todo, para la creatividad. Hubo una fiesta de burbujas y juegos sensoriales, con una planificaci\u00f3n de trabajo diversa\u201d.<\/p>\n\n\n\n<p>La Directora Regional (S) de la JUNJI, Marisol Villegas N\u00fa\u00f1ez, destac\u00f3 el desarrollo del programa en Magallanes. \u201cLos jardines de verano son una tradici\u00f3n institucional, la que incluso, en 2021, fue nuestra primera experiencia de regreso presencial a las actividades en el contexto de la pandemia del coronavirus. Tienen un inmenso valor para las familias sin redes de apoyo de Natales y Punta Arenas. Agradecemos a los usuarios de la JUNJI por confiar sus hijas e hijos a nuestros equipos, los que se est\u00e1n esforzando este verano por seguir otorgando educaci\u00f3n de calidad y bienestar integral a los p\u00e1rvulos, con experiencias m\u00e1s l\u00fadicas propias del periodo veraniego\u201d, concluy\u00f3.<\/p>\n","protected":false},"excerpt":{"rendered":"<p>Como cada a\u00f1o la Junta Nacional de Jardines Infantiles (JUNJI), en Puerto Natales y Punta Arenas, trabaja su tradicional programa Jardines Infantiles de Verano. \u00c9ste funciona para los p\u00e1rvulos que&#8230; <a class=\"read-more\" href=\"https:\/\/www.radiopresidenteibanez.cl\/web\/la-junji-desarrolla-con-exito-el-programa-jardines-de-verano-en-puerto-natales-y-punta-arenas\/\">Leer m\u00e1s<\/a><\/p>\n","protected":false},"author":2,"featured_media":27543,"comment_status":"closed","ping_status":"closed","sticky":false,"template":"","format":"standard","meta":{"footnotes":""},"categories":[1],"tags":[],"class_list":["post-27542","post","type-post","status-publish","format-standard","has-post-thumbnail","hentry","category-cronica"],"_links":{"self":[{"href":"https:\/\/www.radiopresidenteibanez.cl\/web\/wp-json\/wp\/v2\/posts\/27542","targetHints":{"allow":["GET"]}}],"collection":[{"href":"https:\/\/www.radiopresidenteibanez.cl\/web\/wp-json\/wp\/v2\/posts"}],"about":[{"href":"https:\/\/www.radiopresidenteibanez.cl\/web\/wp-json\/wp\/v2\/types\/post"}],"author":[{"embeddable":true,"href":"https:\/\/www.radiopresidenteibanez.cl\/web\/wp-json\/wp\/v2\/users\/2"}],"replies":[{"embeddable":true,"href":"https:\/\/www.radiopresidenteibanez.cl\/web\/wp-json\/wp\/v2\/comments?post=27542"}],"version-history":[{"count":0,"href":"https:\/\/www.radiopresidenteibanez.cl\/web\/wp-json\/wp\/v2\/posts\/27542\/revisions"}],"wp:featuredmedia":[{"embeddable":true,"href":"https:\/\/www.radiopresidenteibanez.cl\/web\/wp-json\/wp\/v2\/media\/27543"}],"wp:attachment":[{"href":"https:\/\/www.radiopresidenteibanez.cl\/web\/wp-json\/wp\/v2\/media?parent=27542"}],"wp:term":[{"taxonomy":"category","embeddable":true,"href":"https:\/\/www.radiopresidenteibanez.cl\/web\/wp-json\/wp\/v2\/categories?post=27542"},{"taxonomy":"post_tag","embeddable":true,"href":"https:\/\/www.radiopresidenteibanez.cl\/web\/wp-json\/wp\/v2\/tags?post=27542"}],"curies":[{"name":"wp","href":"https:\/\/api.w.org\/{rel}","templated":true}]}}