{"id":27530,"date":"2022-02-17T09:29:48","date_gmt":"2022-02-17T12:29:48","guid":{"rendered":"https:\/\/www.radiopresidenteibanez.cl\/web\/?p=27530"},"modified":"2022-02-17T09:29:53","modified_gmt":"2022-02-17T12:29:53","slug":"con-grandes-expectativas-comienza-nueva-expedicion-que-buscara-fosiles-de-la-era-de-los-dinosaurios-en-cerro-guido","status":"publish","type":"post","link":"https:\/\/www.radiopresidenteibanez.cl\/web\/con-grandes-expectativas-comienza-nueva-expedicion-que-buscara-fosiles-de-la-era-de-los-dinosaurios-en-cerro-guido\/","title":{"rendered":"CON GRANDES EXPECTATIVAS COMIENZA NUEVA EXPEDICION QUE BUSCARA FOSILES DE LA ERA DE LOS DINOSAURIOS EN CERRO GUIDO"},"content":{"rendered":"\n<p>Desde hace m\u00e1s de una d\u00e9cada, durante el mes de febrero, un grupo de investigadoras e investigadores nacionales y extranjeros sale desde Punta Arenas hacia Cerro Guido, localidad de la comuna de Torres del Paine, donde se han efectuado importantes hallazgos paleontol\u00f3gicos de inter\u00e9s mundial. Mam\u00edferos como <em>Magallanodon baikashkenke<\/em> y <em>Orretherium tzen<\/em>, y dinosaurios como el anquilosaurio <em>Stegouros elengassen<\/em>, son algunos de los espec\u00edmenes descubiertos recientemente en el valle del r\u00edo de las Chinas.&nbsp;<br><\/p>\n\n\n\n<p>En esta nueva oportunidad, el equipo se compone de 19 personas que integran la expedici\u00f3n paleont\u00f3logica a Cerro Guido, instancia organizada por el Instituto Ant\u00e1rtico Chileno (INACH) y que se desarrollar\u00e1 entre el 15 de febrero al 1 de marzo, en el contexto de la Expedici\u00f3n Cient\u00edfica Ant\u00e1rtica (ECA 58). En total ser\u00e1n dos arduas semanas de trabajo en terreno con un despliegue log\u00edstico importante y para lo cual se dividir\u00e1n en al menos dos equipos con especialistas de diferentes \u00e1reas, y por supuesto, tomando los resguardos necesarios para evitar que ocurran contagios por Covid-19.&nbsp;<br><\/p>\n\n\n\n<p>Liderando esta campa\u00f1a est\u00e1 el director nacional del INACH, Dr. Marcelo Leppe Cartes, quien destaca: \u201cEste a\u00f1o cumplimos una d\u00e9cada desde los primeros hallazgos en Cerro Guido y el valle de las Chinas. Ha sido una investigaci\u00f3n sistem\u00e1tica, multidisciplinaria, no tenemos solo estudios de dinosaurios, sino en otros tipos de reptiles, anfibios, aves y plantas, macro y microf\u00f3siles, tambi\u00e9n trabajos geol\u00f3gicos detallados tratando de reconstruir c\u00f3mo era el ambiente, la geograf\u00eda, el clima e intentando resolver una de las preguntas claves: \u00bfqu\u00e9 ocurri\u00f3 al final de la era de los Dinosaurios?\u201d. En definitiva, agrega, los ojos del mundo est\u00e1n puestos en este lugar del hemisferio sur y m\u00e1s a\u00fan luego de la portada de la revista Nature de diciembre 2021 que destac\u00f3 a nivel internacional el descubrimiento del <em>Stegouros elengassen<\/em>, un peque\u00f1o anquilosaurio de cola armada de apariencia similar a un garrote azteca.<br><\/p>\n\n\n\n<p>\u201cEn el valle del r\u00edo de las Chinas, ya tenemos ubicados varios sectores donde sabemos que hay una gran concentraci\u00f3n de f\u00f3siles. En esta ocasi\u00f3n nos vamos a concentrar en un sitio donde existen f\u00f3siles de peque\u00f1os vertebrados, que son muy importantes. Esperamos encontrar m\u00e1s mam\u00edferos de la era de los Dinosaurios, considerando que ya hemos descubierto dos especies nuevas en ese lugar\u201d, precisa el Dr. Alexander Vargas, acad\u00e9mico del Departamento de Biolog\u00eda de la Universidad de Chile, quien menciona los \u00faltimos hallazgos de los mamiferos <em>Magallanodon<\/em> y <em>Orretherium<\/em>, y que cada una de ellas son piezas importantes del rompecabezas que est\u00e1n armando. \u201cTodas las temporadas que estamos yendo estamos encontrando hallazgos de categor\u00eda mundial\u201d, expres\u00f3.&nbsp;<br><\/p>\n\n\n\n<p>Altas expectativas para este nuevo trabajo en terreno tiene el paleont\u00f3logo de vertebrados de la Universidad de Chile, Sergio Soto ya que \u201cestamos tratando de incrementar la diversidad de vertebrados, ya contamos con varios espec\u00edmenes interesantes, y tambi\u00e9n esperamos encontrar especies nuevas\u201d, opin\u00f3. Adem\u00e1s, menciona que uno de los focos de investigaci\u00f3n de largo aliento, es: \u201crelevar cual era la biota de este lugar, es decir, la flora y la fauna que existi\u00f3 en la \u00e9poca de los dinosaurios, su importancia y conexi\u00f3n con Ant\u00e1rtica, ya que \u00e9stos son los yacimientos que est\u00e1n m\u00e1s australes en Sudam\u00e9rica y tienen una directa relaci\u00f3n con el continente Ant\u00e1rtico, por el paso que permiti\u00f3 el tr\u00e1nsito de todo tipo de animales y plantas\u201d, expresa.&nbsp;&nbsp;&nbsp;&nbsp;<br><\/p>\n\n\n\n<p>En tanto, para la Dra. Cristine Trevisan, paleobot\u00e1nica del Departamento Cient\u00edfico del INACH, \u201cla parte m\u00e1s interesante del trabajo paleontol\u00f3gico es que cada uno tiene su especialidad, va trabajando, agregando m\u00e1s conocimiento y despu\u00e9s montamos el puzzle con la reconstrucci\u00f3n de todo el hallazgo\u201d, menciona.&nbsp;<br><\/p>\n\n\n\n<p>\u201cUno de los hallazgos importantes es ver toda la evoluci\u00f3n, porque no solo tenemos ambientes marinos, sino que ambientes marinos y continentales, hay una fauna y una flora muy abundante, entonces para m\u00ed es interpretar todo eso y darle un contexto global\u201d, se\u00f1ala Leslie Manr\u00edquez, estudiante de doctorado de la Universidade do Vale do Rio dos Sinos de Brasil, quien lleva diez a\u00f1os trabajando en Cerro Guido desde que cursaba geolog\u00eda en la Universidad de Concepci\u00f3n.&nbsp;&nbsp;<br><\/p>\n\n\n\n<p>Asimismo, el equipo busca saldar la deuda que tiene con la comunidad, lo que pretenden hacer en dos grandes instancias: la primera de ellas, referida al \u201cmuseo paleontol\u00f3gico en Cerro Guido que vendr\u00eda a nutrir el inter\u00e9s paleontol\u00f3gico que existe en una de las comunas m\u00e1s ricas en f\u00f3siles de Chile, y quiz\u00e1s de Sudam\u00e9rica, que congrega p\u00e1ginas importantes de la historia de nuestra regi\u00f3n\u201d, se\u00f1ala Leppe.&nbsp;<\/p>\n","protected":false},"excerpt":{"rendered":"<p>Desde hace m\u00e1s de una d\u00e9cada, durante el mes de febrero, un grupo de investigadoras e investigadores nacionales y extranjeros sale desde Punta Arenas hacia Cerro Guido, localidad de la&#8230; <a class=\"read-more\" href=\"https:\/\/www.radiopresidenteibanez.cl\/web\/con-grandes-expectativas-comienza-nueva-expedicion-que-buscara-fosiles-de-la-era-de-los-dinosaurios-en-cerro-guido\/\">Leer m\u00e1s<\/a><\/p>\n","protected":false},"author":2,"featured_media":27531,"comment_status":"closed","ping_status":"closed","sticky":false,"template":"","format":"standard","meta":{"footnotes":""},"categories":[1],"tags":[],"class_list":["post-27530","post","type-post","status-publish","format-standard","has-post-thumbnail","hentry","category-cronica"],"_links":{"self":[{"href":"https:\/\/www.radiopresidenteibanez.cl\/web\/wp-json\/wp\/v2\/posts\/27530","targetHints":{"allow":["GET"]}}],"collection":[{"href":"https:\/\/www.radiopresidenteibanez.cl\/web\/wp-json\/wp\/v2\/posts"}],"about":[{"href":"https:\/\/www.radiopresidenteibanez.cl\/web\/wp-json\/wp\/v2\/types\/post"}],"author":[{"embeddable":true,"href":"https:\/\/www.radiopresidenteibanez.cl\/web\/wp-json\/wp\/v2\/users\/2"}],"replies":[{"embeddable":true,"href":"https:\/\/www.radiopresidenteibanez.cl\/web\/wp-json\/wp\/v2\/comments?post=27530"}],"version-history":[{"count":0,"href":"https:\/\/www.radiopresidenteibanez.cl\/web\/wp-json\/wp\/v2\/posts\/27530\/revisions"}],"wp:featuredmedia":[{"embeddable":true,"href":"https:\/\/www.radiopresidenteibanez.cl\/web\/wp-json\/wp\/v2\/media\/27531"}],"wp:attachment":[{"href":"https:\/\/www.radiopresidenteibanez.cl\/web\/wp-json\/wp\/v2\/media?parent=27530"}],"wp:term":[{"taxonomy":"category","embeddable":true,"href":"https:\/\/www.radiopresidenteibanez.cl\/web\/wp-json\/wp\/v2\/categories?post=27530"},{"taxonomy":"post_tag","embeddable":true,"href":"https:\/\/www.radiopresidenteibanez.cl\/web\/wp-json\/wp\/v2\/tags?post=27530"}],"curies":[{"name":"wp","href":"https:\/\/api.w.org\/{rel}","templated":true}]}}