{"id":27515,"date":"2022-02-16T12:37:00","date_gmt":"2022-02-16T15:37:00","guid":{"rendered":"https:\/\/www.radiopresidenteibanez.cl\/web\/?p=27515"},"modified":"2022-02-16T11:46:48","modified_gmt":"2022-02-16T14:46:48","slug":"gore-magallanes-decreta-tres-dias-de-duelo-regional-por-fallecimiento-de-cristina-calderon","status":"publish","type":"post","link":"https:\/\/www.radiopresidenteibanez.cl\/web\/gore-magallanes-decreta-tres-dias-de-duelo-regional-por-fallecimiento-de-cristina-calderon\/","title":{"rendered":"GORE MAGALLANES DECRETA TRES DIAS DE DUELO REGIONAL POR FALLECIMIENTO DE CRISTINA CALDERON"},"content":{"rendered":"\n<p>El Gobernador Regional, Jorge\nFlies, emiti\u00f3 una resoluci\u00f3n con la que se declara tres d\u00edas de duelo regional\npor la muerte de la Abuela Cristina Calder\u00f3n, \u00faltima hablante nativa del pueblo\nyag\u00e1n. <\/p>\n\n\n\n<p>\u201cHa partido una extraordinaria\nmujer. Un tesoro vivo que hoy d\u00eda se encamina a la eternidad y hemos declarado\ntres d\u00edas de duelo regional por lo que significa en nuestra historia y en\nnuestros pueblos la partida de la abuela Cristina Calder\u00f3n\u201d declar\u00f3 el\nGobernador Flies.<\/p>\n\n\n\n<p>\u201cLa Abuela\u201d, como era conocida, naci\u00f3\nel 24 de mayo de 1928 en la Isla Navarino y falleci\u00f3 a los 93 a\u00f1os.<\/p>\n\n\n\n<p>Durante estos a\u00f1os se desempe\u00f1\u00f3\ncomo cantante, etn\u00f3grafa, artesana, escritora, activista cultural y difusora de\nla lengua yag\u00e1n.<\/p>\n\n\n\n<p>Adem\u00e1s, a lo largo de su extraordinaria\nvida, Calder\u00f3n fue distinguida como Hija Ilustre de la regi\u00f3n de Magallanes y\nde la Ant\u00e1rtica Chilena. Tambi\u00e9n ha sido reconocida por el Consejo Nacional de\nla Cultura y las Artes como \u201cTesoro Humano Vivo\u201d del pa\u00eds, en el marco de la\nConvenci\u00f3n para la Salvaguardia del Patrimonio Inmaterial, adoptado por la\nUNESCO en el 2003. Asimismo, fue nominada entre las 50 mujeres protagonistas\ndel Bicentenario de la Rep\u00fablica de Chile en el 2010.<\/p>\n\n\n\n<p>Desde el Gobierno Regional de\nMagallanes y de la Ant\u00e1rtica Chilena enviamos las condolencias a su familia y\ncercanos. <\/p>\n","protected":false},"excerpt":{"rendered":"<p>El Gobernador Regional, Jorge Flies, emiti\u00f3 una resoluci\u00f3n con la que se declara tres d\u00edas de duelo regional por la muerte de la Abuela Cristina Calder\u00f3n, \u00faltima hablante nativa del&#8230; <a class=\"read-more\" href=\"https:\/\/www.radiopresidenteibanez.cl\/web\/gore-magallanes-decreta-tres-dias-de-duelo-regional-por-fallecimiento-de-cristina-calderon\/\">Leer m\u00e1s<\/a><\/p>\n","protected":false},"author":2,"featured_media":27516,"comment_status":"closed","ping_status":"closed","sticky":false,"template":"","format":"standard","meta":{"footnotes":""},"categories":[1],"tags":[],"class_list":["post-27515","post","type-post","status-publish","format-standard","has-post-thumbnail","hentry","category-cronica"],"_links":{"self":[{"href":"https:\/\/www.radiopresidenteibanez.cl\/web\/wp-json\/wp\/v2\/posts\/27515","targetHints":{"allow":["GET"]}}],"collection":[{"href":"https:\/\/www.radiopresidenteibanez.cl\/web\/wp-json\/wp\/v2\/posts"}],"about":[{"href":"https:\/\/www.radiopresidenteibanez.cl\/web\/wp-json\/wp\/v2\/types\/post"}],"author":[{"embeddable":true,"href":"https:\/\/www.radiopresidenteibanez.cl\/web\/wp-json\/wp\/v2\/users\/2"}],"replies":[{"embeddable":true,"href":"https:\/\/www.radiopresidenteibanez.cl\/web\/wp-json\/wp\/v2\/comments?post=27515"}],"version-history":[{"count":0,"href":"https:\/\/www.radiopresidenteibanez.cl\/web\/wp-json\/wp\/v2\/posts\/27515\/revisions"}],"wp:featuredmedia":[{"embeddable":true,"href":"https:\/\/www.radiopresidenteibanez.cl\/web\/wp-json\/wp\/v2\/media\/27516"}],"wp:attachment":[{"href":"https:\/\/www.radiopresidenteibanez.cl\/web\/wp-json\/wp\/v2\/media?parent=27515"}],"wp:term":[{"taxonomy":"category","embeddable":true,"href":"https:\/\/www.radiopresidenteibanez.cl\/web\/wp-json\/wp\/v2\/categories?post=27515"},{"taxonomy":"post_tag","embeddable":true,"href":"https:\/\/www.radiopresidenteibanez.cl\/web\/wp-json\/wp\/v2\/tags?post=27515"}],"curies":[{"name":"wp","href":"https:\/\/api.w.org\/{rel}","templated":true}]}}