{"id":275,"date":"2019-01-06T18:21:56","date_gmt":"2019-01-06T18:21:56","guid":{"rendered":"http:\/\/www.radiopresidenteibanez.cl\/web\/?p=275"},"modified":"2019-01-06T18:22:03","modified_gmt":"2019-01-06T18:22:03","slug":"feria-saludable-convoco-a-un-millar-de-personas","status":"publish","type":"post","link":"https:\/\/www.radiopresidenteibanez.cl\/web\/feria-saludable-convoco-a-un-millar-de-personas\/","title":{"rendered":"FERIA SALUDABLE CONVOC\u00d3 A UN MILLAR DE PERSONAS"},"content":{"rendered":"\n<p>Otra jornada con gran presencia de p\u00fablico vivi\u00f3 la nueva versi\u00f3n Feria de Frutas,&nbsp; Verduras y Plantas locales, actividad que por segundo a\u00f1o consecutivo organiza por el municipio de Punta Arenas.<\/p>\n\n\n\n<p>Cerca de 20 productores se instalaron en el gimnasio de escuela Rep\u00fablica de Argentina donde expusieron lo mejor de su producci\u00f3n destacando las apetecidas frutillas, lechugas regionales y el kale.<\/p>\n\n\n\n<p>El evento tambi\u00e9n cont\u00f3 con la presencia del especialista en cocina Andr\u00e9s Bravo quien, cerca del medio d\u00eda, efectu\u00f3 un taller de comida saludable. Mientras que funcionarios del consultorio Thomas Fenton dependiente de la Corporaci\u00f3n Municipal, apoyados por la cl\u00ednica m\u00f3vil, aplicaron ex\u00e1menes de salud preventivos a los asistentes.<\/p>\n\n\n\n<p>El alcalde Claudio Radonich se mostr\u00f3 satisfecho con el resultado de esta nueva Feria que ha convocado a m\u00e1s de 3 mil vecinos en la segunda temporada de la Ferias Saludables. \u201cComo municipio buscamos entregar una instancia a los productores locales de vender en forma directa, sin intermediarios y, por otra parte, acercamos a los vecinos alimento m\u00e1s saludables y los incentivamos a que lleven una dieta m\u00e1s saludable\u201d.<\/p>\n\n\n\n<p>Otro hecho a destacar fue las cientos de bolsas reutilizables entregadas a los asistentes, gracias al convenio firmado entre BancoEstado y el municipio local con el fin de incentivar el reciclaje y el cuidado del medioambiente.<\/p>\n\n\n\n<p>Al final de la jornada se sortearon dos canastas con comida saludable, cuyos ganadores resultaron las vecinas Maribel Mill\u00e1n y Mar\u00eda Ega\u00f1a.<\/p>\n\n\n\n<p>La pr\u00f3xima Feria de Frutas, Verduras y Plantas se realizar\u00e1 el s\u00e1bado 19 de enero, en el gimnasio de la escuela Portugal.<br><\/p>\n","protected":false},"excerpt":{"rendered":"<p>Otra jornada con gran presencia de p\u00fablico vivi\u00f3 la nueva versi\u00f3n Feria de Frutas,&nbsp; Verduras y Plantas locales, actividad que por segundo a\u00f1o consecutivo organiza por el municipio de Punta&#8230; <a class=\"read-more\" href=\"https:\/\/www.radiopresidenteibanez.cl\/web\/feria-saludable-convoco-a-un-millar-de-personas\/\">Leer m\u00e1s<\/a><\/p>\n","protected":false},"author":2,"featured_media":276,"comment_status":"closed","ping_status":"closed","sticky":false,"template":"","format":"standard","meta":{"footnotes":""},"categories":[1],"tags":[],"class_list":["post-275","post","type-post","status-publish","format-standard","has-post-thumbnail","hentry","category-cronica"],"_links":{"self":[{"href":"https:\/\/www.radiopresidenteibanez.cl\/web\/wp-json\/wp\/v2\/posts\/275","targetHints":{"allow":["GET"]}}],"collection":[{"href":"https:\/\/www.radiopresidenteibanez.cl\/web\/wp-json\/wp\/v2\/posts"}],"about":[{"href":"https:\/\/www.radiopresidenteibanez.cl\/web\/wp-json\/wp\/v2\/types\/post"}],"author":[{"embeddable":true,"href":"https:\/\/www.radiopresidenteibanez.cl\/web\/wp-json\/wp\/v2\/users\/2"}],"replies":[{"embeddable":true,"href":"https:\/\/www.radiopresidenteibanez.cl\/web\/wp-json\/wp\/v2\/comments?post=275"}],"version-history":[{"count":0,"href":"https:\/\/www.radiopresidenteibanez.cl\/web\/wp-json\/wp\/v2\/posts\/275\/revisions"}],"wp:featuredmedia":[{"embeddable":true,"href":"https:\/\/www.radiopresidenteibanez.cl\/web\/wp-json\/wp\/v2\/media\/276"}],"wp:attachment":[{"href":"https:\/\/www.radiopresidenteibanez.cl\/web\/wp-json\/wp\/v2\/media?parent=275"}],"wp:term":[{"taxonomy":"category","embeddable":true,"href":"https:\/\/www.radiopresidenteibanez.cl\/web\/wp-json\/wp\/v2\/categories?post=275"},{"taxonomy":"post_tag","embeddable":true,"href":"https:\/\/www.radiopresidenteibanez.cl\/web\/wp-json\/wp\/v2\/tags?post=275"}],"curies":[{"name":"wp","href":"https:\/\/api.w.org\/{rel}","templated":true}]}}