{"id":27449,"date":"2022-02-13T15:44:11","date_gmt":"2022-02-13T18:44:11","guid":{"rendered":"https:\/\/www.radiopresidenteibanez.cl\/web\/?p=27449"},"modified":"2022-02-13T14:47:12","modified_gmt":"2022-02-13T17:47:12","slug":"dia-mundial-de-la-radio","status":"publish","type":"post","link":"https:\/\/www.radiopresidenteibanez.cl\/web\/dia-mundial-de-la-radio\/","title":{"rendered":"D\u00cdA MUNDIAL DE LA RADIO"},"content":{"rendered":"\n<figure class=\"wp-block-table\"><table class=\"\"><tbody><tr><td>Hoy 13 de febrero celebramos un nuevo D\u00eda Mundial de la Radio. Durante estos \u00faltimos a\u00f1os la conmemoraci\u00f3n ha sido at\u00edpica por estar en tiempos de pandemia. No obstante, y pese los obst\u00e1culos que ha vivido la Radio, sus colaboradores han sabido c\u00f3mo lograr llegar a millones de personas entregando informaci\u00f3n compa\u00f1\u00eda a las familias.<br><br>Es por esto que en este d\u00eda tan significativo, saludamos a nuestros asociados y a todos quienes trabajan en las radios del pa\u00eds, quienes con su esfuerzo, dedicaci\u00f3n, pasi\u00f3n y y talento le dan vida a esta maravillosa actividad.<\/td><\/tr><\/tbody><\/table><\/figure>\n\n\n\n<figure class=\"wp-block-table\"><table class=\"\"><tbody><tr><td>\u200c<\/td><\/tr><\/tbody><\/table><\/figure>\n","protected":false},"excerpt":{"rendered":"<p>Hoy 13 de febrero celebramos un nuevo D\u00eda Mundial de la Radio. Durante estos \u00faltimos a\u00f1os la conmemoraci\u00f3n ha sido at\u00edpica por estar en tiempos de pandemia. No obstante, y&#8230; <a class=\"read-more\" href=\"https:\/\/www.radiopresidenteibanez.cl\/web\/dia-mundial-de-la-radio\/\">Leer m\u00e1s<\/a><\/p>\n","protected":false},"author":2,"featured_media":27450,"comment_status":"closed","ping_status":"closed","sticky":false,"template":"","format":"standard","meta":{"footnotes":""},"categories":[1],"tags":[],"class_list":["post-27449","post","type-post","status-publish","format-standard","has-post-thumbnail","hentry","category-cronica"],"_links":{"self":[{"href":"https:\/\/www.radiopresidenteibanez.cl\/web\/wp-json\/wp\/v2\/posts\/27449","targetHints":{"allow":["GET"]}}],"collection":[{"href":"https:\/\/www.radiopresidenteibanez.cl\/web\/wp-json\/wp\/v2\/posts"}],"about":[{"href":"https:\/\/www.radiopresidenteibanez.cl\/web\/wp-json\/wp\/v2\/types\/post"}],"author":[{"embeddable":true,"href":"https:\/\/www.radiopresidenteibanez.cl\/web\/wp-json\/wp\/v2\/users\/2"}],"replies":[{"embeddable":true,"href":"https:\/\/www.radiopresidenteibanez.cl\/web\/wp-json\/wp\/v2\/comments?post=27449"}],"version-history":[{"count":0,"href":"https:\/\/www.radiopresidenteibanez.cl\/web\/wp-json\/wp\/v2\/posts\/27449\/revisions"}],"wp:featuredmedia":[{"embeddable":true,"href":"https:\/\/www.radiopresidenteibanez.cl\/web\/wp-json\/wp\/v2\/media\/27450"}],"wp:attachment":[{"href":"https:\/\/www.radiopresidenteibanez.cl\/web\/wp-json\/wp\/v2\/media?parent=27449"}],"wp:term":[{"taxonomy":"category","embeddable":true,"href":"https:\/\/www.radiopresidenteibanez.cl\/web\/wp-json\/wp\/v2\/categories?post=27449"},{"taxonomy":"post_tag","embeddable":true,"href":"https:\/\/www.radiopresidenteibanez.cl\/web\/wp-json\/wp\/v2\/tags?post=27449"}],"curies":[{"name":"wp","href":"https:\/\/api.w.org\/{rel}","templated":true}]}}