{"id":27385,"date":"2022-02-10T12:47:00","date_gmt":"2022-02-10T15:47:00","guid":{"rendered":"https:\/\/www.radiopresidenteibanez.cl\/web\/?p=27385"},"modified":"2022-02-10T00:21:40","modified_gmt":"2022-02-10T03:21:40","slug":"oficina-municipal-de-la-mujer-lidera-ciclo-de-capacitaciones-a-funcionarios-de-carabineros","status":"publish","type":"post","link":"https:\/\/www.radiopresidenteibanez.cl\/web\/oficina-municipal-de-la-mujer-lidera-ciclo-de-capacitaciones-a-funcionarios-de-carabineros\/","title":{"rendered":"OFICINA MUNICIPAL DE LA MUJER LIDERA CICLO DE CAPACITACIONES A FUNCIONARIOS DE CARABINEROS"},"content":{"rendered":"\n<p>Materias como \u201cIntervenci\u00f3n en Crisis\u201d, impacto del abuso y maltrato, fases de intervenci\u00f3n y factores que modulan el impacto de la exposici\u00f3n a un acto de violencia, fueron abordadas en una capacitaci\u00f3n realizada por profesionales de la Oficina de la Mujer de la Municipalidad de Punta Arenas, a funcionarios de Carabineros.<\/p>\n\n\n\n<p><br>La instancia, realizada v\u00eda streaming, se llev\u00f3 adelante gracias a un trabajo coordinado de la Secci\u00f3n de Derechos Humanos de la XII Zona de Carabineros de Magallanes y Ant\u00e1rtica chilena, y la Oficina de la Mujer de la Municipalidad de Punta Arenas, y forma parte de un ciclo de capacitaciones que continuar\u00e1n durante los pr\u00f3ximos meses.<\/p>\n\n\n\n<p><br>En la reciente capacitaci\u00f3n, realizada este martes (8 de febrero), se capacit\u00f3 a los funcionarios en tem\u00e1ticas relacionadas a la Intervenci\u00f3n en Crisis, en el contexto de la realizaci\u00f3n de procedimientos que ejecutan los funcionarios ante denuncias, que les exige asistir al domicilio de las v\u00edctimas de violencia.<\/p>\n\n\n\n<p><br>En este contexto se abordaron temas como, las secuelas asociadas a las p\u00e9rdidas o da\u00f1os percibidos por las mujeres v\u00edctimas de violencia que hacen que la calidad de vida descienda bruscamente, m\u00e1s a\u00fan por las emociones que se producen.<\/p>\n\n\n\n<p><br>\u201cEstos signos que se evidencian al estar en el contexto de la Crisis, generan en las sobrevivientes de violencia una serie de s\u00edntomas que les provoca un bloqueo a nivel psicol\u00f3gico y que les impide actuar. Por esto, la presencia de los funcionarios de carabineros puede disminuir en esa primera intervenci\u00f3n y asistencia en su domicilio, los nocivos efectos de la indefensi\u00f3n aprendida, experimentada por las mujeres sobrevivientes de violencia\u201d, indic\u00f3 Alejandra Concha, psic\u00f3loga de la Oficina de la Mujer del Municipio de Punta Arenas, quien junto a la trabajadora social, Carolina G\u00e1rate, de la L\u00ednea de Prevenci\u00f3n de la Mujer, est\u00e1n a cargo de dictar las distintas capacitaciones.\u00a0 <\/p>\n","protected":false},"excerpt":{"rendered":"<p>Materias como \u201cIntervenci\u00f3n en Crisis\u201d, impacto del abuso y maltrato, fases de intervenci\u00f3n y factores que modulan el impacto de la exposici\u00f3n a un acto de violencia, fueron abordadas en&#8230; <a class=\"read-more\" href=\"https:\/\/www.radiopresidenteibanez.cl\/web\/oficina-municipal-de-la-mujer-lidera-ciclo-de-capacitaciones-a-funcionarios-de-carabineros\/\">Leer m\u00e1s<\/a><\/p>\n","protected":false},"author":2,"featured_media":27386,"comment_status":"closed","ping_status":"closed","sticky":false,"template":"","format":"standard","meta":{"footnotes":""},"categories":[1],"tags":[],"class_list":["post-27385","post","type-post","status-publish","format-standard","has-post-thumbnail","hentry","category-cronica"],"_links":{"self":[{"href":"https:\/\/www.radiopresidenteibanez.cl\/web\/wp-json\/wp\/v2\/posts\/27385","targetHints":{"allow":["GET"]}}],"collection":[{"href":"https:\/\/www.radiopresidenteibanez.cl\/web\/wp-json\/wp\/v2\/posts"}],"about":[{"href":"https:\/\/www.radiopresidenteibanez.cl\/web\/wp-json\/wp\/v2\/types\/post"}],"author":[{"embeddable":true,"href":"https:\/\/www.radiopresidenteibanez.cl\/web\/wp-json\/wp\/v2\/users\/2"}],"replies":[{"embeddable":true,"href":"https:\/\/www.radiopresidenteibanez.cl\/web\/wp-json\/wp\/v2\/comments?post=27385"}],"version-history":[{"count":0,"href":"https:\/\/www.radiopresidenteibanez.cl\/web\/wp-json\/wp\/v2\/posts\/27385\/revisions"}],"wp:featuredmedia":[{"embeddable":true,"href":"https:\/\/www.radiopresidenteibanez.cl\/web\/wp-json\/wp\/v2\/media\/27386"}],"wp:attachment":[{"href":"https:\/\/www.radiopresidenteibanez.cl\/web\/wp-json\/wp\/v2\/media?parent=27385"}],"wp:term":[{"taxonomy":"category","embeddable":true,"href":"https:\/\/www.radiopresidenteibanez.cl\/web\/wp-json\/wp\/v2\/categories?post=27385"},{"taxonomy":"post_tag","embeddable":true,"href":"https:\/\/www.radiopresidenteibanez.cl\/web\/wp-json\/wp\/v2\/tags?post=27385"}],"curies":[{"name":"wp","href":"https:\/\/api.w.org\/{rel}","templated":true}]}}