{"id":27361,"date":"2022-02-09T13:38:43","date_gmt":"2022-02-09T16:38:43","guid":{"rendered":"https:\/\/www.radiopresidenteibanez.cl\/web\/?p=27361"},"modified":"2022-02-08T22:21:44","modified_gmt":"2022-02-09T01:21:44","slug":"obras-de-prolongacion-enrique-abello-en-punta-arenas-presentan-un-80-por-ciento-de-avance","status":"publish","type":"post","link":"https:\/\/www.radiopresidenteibanez.cl\/web\/obras-de-prolongacion-enrique-abello-en-punta-arenas-presentan-un-80-por-ciento-de-avance\/","title":{"rendered":"OBRAS DE PROLONGACI\u00d3N ENRIQUE ABELLO EN PUNTA ARENAS PRESENTAN UN 80 POR CIENTO DE AVANCE"},"content":{"rendered":"\n<p>El seremi de Vivienda y Urbanismo,&nbsp;<strong>Jos\u00e9 Miguel Horcos<\/strong>, realiz\u00f3 una visita inspectiva a las obras de pavimentaci\u00f3n de calle Enrique Abello, en su tramo de prolongaci\u00f3n hacia el poniente de la ciudad, entre Avenida Frei y Avenida Circunvalaci\u00f3n, cuya magnitud supera un kil\u00f3metro de hormigonado que consolidar\u00e1 la conectividad en el \u00e1rea.<\/p>\n\n\n\n<p>Seg\u00fan destac\u00f3 la autoridad \u201cEs una importante obra vial que se suma a las ya desarrolladas por el MINVU en la Regi\u00f3n, que permite mejorar la calidad de vida de todos los habitantes del sector, con varios proyectos inmobiliarios asociados en ejecuci\u00f3n y otros ya construidos\u201d.<\/p>\n\n\n\n<p>\u201cEsta obra &#8211; a\u00f1adi\u00f3 Horcos &#8211; parti\u00f3 con sus dise\u00f1os de ingenier\u00eda en 2018 y hoy d\u00eda vemos con satisfacci\u00f3n un avance del 80% en las obras, formando parte de la planificaci\u00f3n que se ha hecho como Ministerio para el desarrollo vial de la Regi\u00f3n de Magallanes\u201d.<\/p>\n\n\n\n<p>Junto con abordar soluciones de alcantarillado y aguas lluvias, el proyecto busca conectar la trama vial de la ciudad hacia el l\u00edmite urbano con una extensi\u00f3n de 1.280 metros lineales de pavimento en calzada a doble v\u00eda con aceras e iluminaci\u00f3n, financiado con recursos FNDR por 2.665 millones de pesos.<\/p>\n\n\n\n<p>\u201cAsimismo, dentro de la planificaci\u00f3n que lleva adelante el Ministerio de Vivienda y Urbanismo en la Regi\u00f3n, liderado por nuestro Ministro Felipe Ward, hemos seguido trabajando en las prolongaciones viales del sector periurbano, contando ya con los recursos aprobados por el Consejo Regional para iniciar los dise\u00f1os de Mardones, General del Canto, Condell, Manuel Aguilar y Capit\u00e1n Guillermos, proyectando estas calles desde el pavimento existente hasta Avenida Circunvalaci\u00f3n estas son demandas sentidas de los habitantes de dichos sectores y pr\u00f3ximamente se estar\u00e1 llamando a licitaci\u00f3n para desarrollar la etapa de los dise\u00f1os de ingenier\u00eda\u201d se\u00f1al\u00f3 el Seremi Jos\u00e9 Miguel Horcos.<\/p>\n\n\n\n<p>Las obras de Enrique Abello corresponden a una vialidad intermedia de 9 metros de ancho que se extender\u00e1 desde calle Cabo V\u00edrgenes, ubicada unos 200 metros al poniente de Avenida Frei hasta el l\u00edmite urbano donde se ubica Villa Pudeto, llegando al Estero Llau Llau, incorporando adem\u00e1s ensanches, estacionamientos, mobiliario urbano, paisajismo, y conexi\u00f3n de servicios, entre otros, con 540 d\u00edas de plazo para su t\u00e9rmino.<\/p>\n","protected":false},"excerpt":{"rendered":"<p>El seremi de Vivienda y Urbanismo,&nbsp;Jos\u00e9 Miguel Horcos, realiz\u00f3 una visita inspectiva a las obras de pavimentaci\u00f3n de calle Enrique Abello, en su tramo de prolongaci\u00f3n hacia el poniente de&#8230; <a class=\"read-more\" href=\"https:\/\/www.radiopresidenteibanez.cl\/web\/obras-de-prolongacion-enrique-abello-en-punta-arenas-presentan-un-80-por-ciento-de-avance\/\">Leer m\u00e1s<\/a><\/p>\n","protected":false},"author":2,"featured_media":27362,"comment_status":"closed","ping_status":"closed","sticky":false,"template":"","format":"standard","meta":{"footnotes":""},"categories":[1],"tags":[],"class_list":["post-27361","post","type-post","status-publish","format-standard","has-post-thumbnail","hentry","category-cronica"],"_links":{"self":[{"href":"https:\/\/www.radiopresidenteibanez.cl\/web\/wp-json\/wp\/v2\/posts\/27361","targetHints":{"allow":["GET"]}}],"collection":[{"href":"https:\/\/www.radiopresidenteibanez.cl\/web\/wp-json\/wp\/v2\/posts"}],"about":[{"href":"https:\/\/www.radiopresidenteibanez.cl\/web\/wp-json\/wp\/v2\/types\/post"}],"author":[{"embeddable":true,"href":"https:\/\/www.radiopresidenteibanez.cl\/web\/wp-json\/wp\/v2\/users\/2"}],"replies":[{"embeddable":true,"href":"https:\/\/www.radiopresidenteibanez.cl\/web\/wp-json\/wp\/v2\/comments?post=27361"}],"version-history":[{"count":0,"href":"https:\/\/www.radiopresidenteibanez.cl\/web\/wp-json\/wp\/v2\/posts\/27361\/revisions"}],"wp:featuredmedia":[{"embeddable":true,"href":"https:\/\/www.radiopresidenteibanez.cl\/web\/wp-json\/wp\/v2\/media\/27362"}],"wp:attachment":[{"href":"https:\/\/www.radiopresidenteibanez.cl\/web\/wp-json\/wp\/v2\/media?parent=27361"}],"wp:term":[{"taxonomy":"category","embeddable":true,"href":"https:\/\/www.radiopresidenteibanez.cl\/web\/wp-json\/wp\/v2\/categories?post=27361"},{"taxonomy":"post_tag","embeddable":true,"href":"https:\/\/www.radiopresidenteibanez.cl\/web\/wp-json\/wp\/v2\/tags?post=27361"}],"curies":[{"name":"wp","href":"https:\/\/api.w.org\/{rel}","templated":true}]}}