{"id":27343,"date":"2022-02-08T17:43:00","date_gmt":"2022-02-08T20:43:00","guid":{"rendered":"https:\/\/www.radiopresidenteibanez.cl\/web\/?p=27343"},"modified":"2022-02-08T16:57:29","modified_gmt":"2022-02-08T19:57:29","slug":"gobierno-regional-aporta-76-millones-de-pesos-para-combatir-incendio-en-timaukel","status":"publish","type":"post","link":"https:\/\/www.radiopresidenteibanez.cl\/web\/gobierno-regional-aporta-76-millones-de-pesos-para-combatir-incendio-en-timaukel\/","title":{"rendered":"GOBIERNO REGIONAL APORTA 76 MILLONES DE PESOS PARA COMBATIR INCENDIO EN TIMAUKEL"},"content":{"rendered":"\n<p>Con\nel prop\u00f3sito de ayudar y de seguir a disposici\u00f3n para combatir el incendio en\nTierra del Fuego, que ya afecta a m\u00e1s de mil 300 hect\u00e1reas en la comuna de\nTimaukel, es que el Gobierno Regional de Magallanes y de la Ant\u00e1rtica Chilena\naporto con recursos, mediante una asignaci\u00f3n directa, para combatir el siniestro.\n<\/p>\n\n\n\n<p>\u201cSon\n76 millones destinados al municipio de Timaukel que se encargar\u00e1 de entregar\nayuda a los brigadistas en lo que es alimentaci\u00f3n, agua potable, entre otras\naristas. Si se requiere m\u00e1s ayuda nosotros estamos dispuestos a seguir\ncolaborando\u201d coment\u00f3 Christian Garc\u00eda, Gobernador Regional (S). <\/p>\n\n\n\n<p>En\nla misma l\u00ednea, Paola Fern\u00e1ndez, Jefa de la Divisi\u00f3n de Desarrollo Social y\nHumano, dijo que \u201cdesde el primer momento el Gobierno Regional se ha puesto a\ndisposici\u00f3n de aportar a una situaci\u00f3n tan compleja como la que vive la regi\u00f3n.\nSe requiere de la fuerza y unidad para que prontamente esto se pueda\ncontrolar\u201d. <\/p>\n\n\n\n<p>La\niniciativa tuvo como principal inversi\u00f3n la compra de alimentos para\nbrigadistas y voluntarios, insumos para el trabajo de extinci\u00f3n y el arriendo\nde maquinarias.&nbsp; <\/p>\n\n\n\n<p>\u201cEstamos\nmuy satisfechos como Gobierno Regional que frente a una emergencia tan\nimportante para nuestra regi\u00f3n se hayan aportado 76 millones de pesos para el\ncombate del incendio. Con estos recursos se va en ayuda de quienes hoy est\u00e1n liderando\nesta lucha\u201d, destac\u00f3 Eugenia Mancilla, Jefa de la Divisi\u00f3n de Presupuesto e\nInversi\u00f3n Regional. <\/p>\n\n\n\n<p>El\nproyecto beneficiar\u00e1 a 250 personas y fue gestionado en conjunto por el\nGobierno Regional y la Ilustre Municipalidad de Timaukel. <\/p>\n","protected":false},"excerpt":{"rendered":"<p>Con el prop\u00f3sito de ayudar y de seguir a disposici\u00f3n para combatir el incendio en Tierra del Fuego, que ya afecta a m\u00e1s de mil 300 hect\u00e1reas en la comuna&#8230; <a class=\"read-more\" href=\"https:\/\/www.radiopresidenteibanez.cl\/web\/gobierno-regional-aporta-76-millones-de-pesos-para-combatir-incendio-en-timaukel\/\">Leer m\u00e1s<\/a><\/p>\n","protected":false},"author":2,"featured_media":27344,"comment_status":"closed","ping_status":"closed","sticky":false,"template":"","format":"standard","meta":{"footnotes":""},"categories":[1],"tags":[],"class_list":["post-27343","post","type-post","status-publish","format-standard","has-post-thumbnail","hentry","category-cronica"],"_links":{"self":[{"href":"https:\/\/www.radiopresidenteibanez.cl\/web\/wp-json\/wp\/v2\/posts\/27343","targetHints":{"allow":["GET"]}}],"collection":[{"href":"https:\/\/www.radiopresidenteibanez.cl\/web\/wp-json\/wp\/v2\/posts"}],"about":[{"href":"https:\/\/www.radiopresidenteibanez.cl\/web\/wp-json\/wp\/v2\/types\/post"}],"author":[{"embeddable":true,"href":"https:\/\/www.radiopresidenteibanez.cl\/web\/wp-json\/wp\/v2\/users\/2"}],"replies":[{"embeddable":true,"href":"https:\/\/www.radiopresidenteibanez.cl\/web\/wp-json\/wp\/v2\/comments?post=27343"}],"version-history":[{"count":0,"href":"https:\/\/www.radiopresidenteibanez.cl\/web\/wp-json\/wp\/v2\/posts\/27343\/revisions"}],"wp:featuredmedia":[{"embeddable":true,"href":"https:\/\/www.radiopresidenteibanez.cl\/web\/wp-json\/wp\/v2\/media\/27344"}],"wp:attachment":[{"href":"https:\/\/www.radiopresidenteibanez.cl\/web\/wp-json\/wp\/v2\/media?parent=27343"}],"wp:term":[{"taxonomy":"category","embeddable":true,"href":"https:\/\/www.radiopresidenteibanez.cl\/web\/wp-json\/wp\/v2\/categories?post=27343"},{"taxonomy":"post_tag","embeddable":true,"href":"https:\/\/www.radiopresidenteibanez.cl\/web\/wp-json\/wp\/v2\/tags?post=27343"}],"curies":[{"name":"wp","href":"https:\/\/api.w.org\/{rel}","templated":true}]}}