{"id":27316,"date":"2022-02-07T18:54:00","date_gmt":"2022-02-07T21:54:00","guid":{"rendered":"https:\/\/www.radiopresidenteibanez.cl\/web\/?p=27316"},"modified":"2022-02-07T10:27:01","modified_gmt":"2022-02-07T13:27:01","slug":"servicio-nacional-del-patrimonio-cultural-instala-punto-de-biblioteca-publica-en-museo-de-historia-natural-de-rio-seco","status":"publish","type":"post","link":"https:\/\/www.radiopresidenteibanez.cl\/web\/servicio-nacional-del-patrimonio-cultural-instala-punto-de-biblioteca-publica-en-museo-de-historia-natural-de-rio-seco\/","title":{"rendered":"SERVICIO NACIONAL DEL PATRIMONIO CULTURAL INSTALA PUNTO DE BIBLIOTECA PUBLICA EN MUSEO DE HISTORIA NATURAL DE RI\u00d3 SECO"},"content":{"rendered":"\n<p>\n\nAlrededor de un millar de t\u00edtulos estar\u00e1n disponibles a partir de hoy para la comunidad de&nbsp;R\u00edo Seco, Barranco Amarillo y lugares aleda\u00f1os,&nbsp;en un nuevo punto de pr\u00e9stamo de la Coordinaci\u00f3n Regional de Bibliotecas P\u00fablicas, instalado gracias a&nbsp;un convenio entre el Museo de Historia Natural de R\u00edo Seco y la Direcci\u00f3n Regional del Servicio del Patrimonio Cultural (Serpat).<br>As\u00ed, esta ma\u00f1ana se inauguraron las dependencias correspondientes al punto B551, en una actividad encabezada por la&nbsp;Secretaria Regional Ministerial de las Culturas, las Artes y el Patrimonio, Katherine Ibacache, junto al director del Museo de Historia Natural de R\u00edo Seco, Miguel C\u00e1ceres, el director regional del Servicio Nacional del Patrimonio Cultural, Pablo Quercia y la coordinadora regional de Bibliotecas P\u00fablicas, Isabel L\u00f3pez, junto a parte de su equipo.<br>Con este&nbsp;nuevo Punto de Pr\u00e9stamo Bibliotecario, el Serpat pondr\u00e1 a disposici\u00f3n de vecinos y vecinas del sector&nbsp;alrededor de 1.000 libros de diversas tem\u00e1ticas, tales como obras infantiles, juveniles, de literatura regional, poes\u00eda, novelas, literatura chilena y general. A cargo de su atenci\u00f3n estar\u00e1 Irma Ojeda, vecina de R\u00edo Seco y con amplia trayectoria como bibliotecaria, quien expres\u00f3&nbsp;su alegr\u00eda por \u00abla recuperaci\u00f3n de un espacio de lectura y pr\u00e9stamo&nbsp;para que nuestros vecinos no tengan que desplazarse hasta Punta Arenas\u00bb (distante a 12 km). Agreg\u00f3 que \u00abdesde ya estamos esperando a los lectores asiduos que ten\u00edamos en la biblioteca que funcionaba anteriormente en la escuela y a toda la comunidad, pues contamos con varios t\u00edtulos novedosos\u00bb. Explic\u00f3 que este punto estar\u00e1 en l\u00ednea con las dem\u00e1s bibliotecas p\u00fablicas de la regi\u00f3n, permitiendo as\u00ed que los usuarios soliciten t\u00edtulos que est\u00e1n en otros puntos o bien devuelvan sus pr\u00e9stamos en otros puntos.<br>El director del Museo de Historia Natural de R\u00edo Seco, Miguel C\u00e1ceres, agradeci\u00f3 \u00abla gesti\u00f3n del Serpat y la colaboraci\u00f3n de la se\u00f1ora&nbsp;Irma Ojeda que se ha sumado a nuestro equipo&nbsp;de trabajo y es una gran conocedora del patrimonio de este sector. Con su libro&nbsp;&#8216;Memoria local de R\u00edo Seco&#8217; nos interiorizamos sobre la historia del \u00e1rea cuando inici\u00e1bamos nuestro trabajo, as\u00ed es que es un honor tenerla con nosotros\u00bb.<\/p>\n\n\n\n<p>Por su parte,&nbsp;la coordinadora de Bibliotecas P\u00fablicas, Isabel L\u00f3pez, acot\u00f3&nbsp;que \u00abes un orgullo lograr estas instancias de colaboraci\u00f3n, pues no podr\u00edamos fomentar el acceso del libro y la lectura sin socios estrat\u00e9gicos tan generosos y comprometidos como ustedes\u00bb.<br>En tanto, la seremi de las Culturas, las Artes y el Patrimonio, Katherine Ibacache, destac\u00f3 la instalaci\u00f3n de este&nbsp;punto \u00abgracias al trabajo en conjunto de la Coordinaci\u00f3n Regional de&nbsp;de Bibliotecas P\u00fablicas y el Museo de Historia Natural de R\u00edo Seco,&nbsp;porque nos permite contar con un punto para&nbsp;fomentar la lectura y los libros en las ni\u00f1as, los ni\u00f1os, y facilitar el acceso a la cultura a&nbsp;toda la poblaci\u00f3n de la regi\u00f3n, que ha adquirido especial&nbsp;importancia en este tiempo de pandemia\u00bb.&nbsp;<\/p>\n\n\n\n<p>Ubicado en dependencias del Museo de Historia Natural de R\u00edo Seco (Juan Williams 012812), el punto de pr\u00e9stamo atender\u00e1 los martes y jueves, de 15 a 18 horas. El espacio cuenta tambi\u00e9n&nbsp;con un Rinc\u00f3n de Colecci\u00f3n Naturalista y numerosas obras de autores regionales, como \u00d3scar Barrientos, Ram\u00f3n D\u00edaz-Eterovic y Pavel Oyarz\u00fan, entre otros. Para mayor informaci\u00f3n, escribir al correo&nbsp;<a href=\"mailto:irmabety@hotmail.com\" target=\"_blank\" rel=\"noreferrer noopener\">irmabety@hotmail.com<\/a>&nbsp;o bien contactarse a trav\u00e9s de las cuentas de redes sociales del&nbsp;museo:&nbsp;@mhnrioseco (Fabebook e Instagram).\n\n<\/p>\n","protected":false},"excerpt":{"rendered":"<p>Alrededor de un millar de t\u00edtulos estar\u00e1n disponibles a partir de hoy para la comunidad de&nbsp;R\u00edo Seco, Barranco Amarillo y lugares aleda\u00f1os,&nbsp;en un nuevo punto de pr\u00e9stamo de la Coordinaci\u00f3n&#8230; <a class=\"read-more\" href=\"https:\/\/www.radiopresidenteibanez.cl\/web\/servicio-nacional-del-patrimonio-cultural-instala-punto-de-biblioteca-publica-en-museo-de-historia-natural-de-rio-seco\/\">Leer m\u00e1s<\/a><\/p>\n","protected":false},"author":2,"featured_media":27317,"comment_status":"closed","ping_status":"closed","sticky":false,"template":"","format":"standard","meta":{"footnotes":""},"categories":[1],"tags":[],"class_list":["post-27316","post","type-post","status-publish","format-standard","has-post-thumbnail","hentry","category-cronica"],"_links":{"self":[{"href":"https:\/\/www.radiopresidenteibanez.cl\/web\/wp-json\/wp\/v2\/posts\/27316","targetHints":{"allow":["GET"]}}],"collection":[{"href":"https:\/\/www.radiopresidenteibanez.cl\/web\/wp-json\/wp\/v2\/posts"}],"about":[{"href":"https:\/\/www.radiopresidenteibanez.cl\/web\/wp-json\/wp\/v2\/types\/post"}],"author":[{"embeddable":true,"href":"https:\/\/www.radiopresidenteibanez.cl\/web\/wp-json\/wp\/v2\/users\/2"}],"replies":[{"embeddable":true,"href":"https:\/\/www.radiopresidenteibanez.cl\/web\/wp-json\/wp\/v2\/comments?post=27316"}],"version-history":[{"count":0,"href":"https:\/\/www.radiopresidenteibanez.cl\/web\/wp-json\/wp\/v2\/posts\/27316\/revisions"}],"wp:featuredmedia":[{"embeddable":true,"href":"https:\/\/www.radiopresidenteibanez.cl\/web\/wp-json\/wp\/v2\/media\/27317"}],"wp:attachment":[{"href":"https:\/\/www.radiopresidenteibanez.cl\/web\/wp-json\/wp\/v2\/media?parent=27316"}],"wp:term":[{"taxonomy":"category","embeddable":true,"href":"https:\/\/www.radiopresidenteibanez.cl\/web\/wp-json\/wp\/v2\/categories?post=27316"},{"taxonomy":"post_tag","embeddable":true,"href":"https:\/\/www.radiopresidenteibanez.cl\/web\/wp-json\/wp\/v2\/tags?post=27316"}],"curies":[{"name":"wp","href":"https:\/\/api.w.org\/{rel}","templated":true}]}}