{"id":27313,"date":"2022-02-07T17:29:00","date_gmt":"2022-02-07T20:29:00","guid":{"rendered":"https:\/\/www.radiopresidenteibanez.cl\/web\/?p=27313"},"modified":"2022-02-07T10:23:25","modified_gmt":"2022-02-07T13:23:25","slug":"amplian-plazo-para-postular-al-fondo-innova-fosis","status":"publish","type":"post","link":"https:\/\/www.radiopresidenteibanez.cl\/web\/amplian-plazo-para-postular-al-fondo-innova-fosis\/","title":{"rendered":"AMPL\u00cdAN PLAZO PARA POSTULAR AL FONDO  INNOVA FOSIS"},"content":{"rendered":"\n<p>Buscar soluciones innovadoras que generen nuevas respuestas a desaf\u00edos\nque se enfrentan actualmente en el din\u00e1mico contexto de la pobreza y\nvulnerabilidad social es el objetivo del fondo Innova FOSIS. <\/p>\n\n\n\n<p>Esta iniciativa est\u00e1 orientada a contribuir en la creaci\u00f3n de\nprogramas atingentes a la realidad de las personas y efectivos en la resoluci\u00f3n\nde sus necesidades. Para el 2022, este programa de pilotaje busca favorecer la\nintegraci\u00f3n en la comunidad y la reinserci\u00f3n social de los j\u00f3venes. As\u00ed lo\nexplic\u00f3 el director regional del FOSIS, Hern\u00e1n Soto, quien hizo un llamado a las\norganizaciones de la sociedad civil y al mundo de la academia de la regi\u00f3n a\nconocer los 3 desaf\u00edos propuestos para el presente a\u00f1o. <\/p>\n\n\n\n<p>El primero de ellos es \u201cReinserci\u00f3n social con enfoque territorial\u201d,\nque busca favorecer la integraci\u00f3n en la comunidad de las personas que cumplen\nsu pena en medio libre con un enfoque territorial y centrado en sus\nnecesidades, en asociaci\u00f3n con Gendarmer\u00eda de Chile.<\/p>\n\n\n\n<p>El segundo desaf\u00edo, \u201cJ\u00f3venes y digitalizaci\u00f3n de negocios locales\u201d, quiere\npotenciar el rol de los j\u00f3venes en el proceso de digitalizaci\u00f3n de los negocios\nde su comunidad, en sociedad con el Ministerio de Econom\u00eda, Fomento y Turismo.<\/p>\n\n\n\n<p>Finalmente, el \u00faltimo desaf\u00edo corresponde a \u201cIngresos aut\u00f3nomos y\nsostenibles para j\u00f3venes\u201d, que busca generar ingresos aut\u00f3nomos para j\u00f3venes\nprivados de libertad, que permanecen en el sistema de justicia juvenil, junto\nal Servicio Nacional de Menores, SENAME.<\/p>\n\n\n\n<p>Para este a\u00f1o Innova FOSIS dispone de un total de $500 millones, para\nfinanciar 10 proyectos en el pa\u00eds con $50 millones cada uno. El servicio realizar\u00e1\nacompa\u00f1amiento y guiado en la ejecuci\u00f3n del proyecto para transformarlo en\npol\u00edtica p\u00fablica.<\/p>\n\n\n\n<p>Los interesados pueden descargar el formulario y las bases de\npostulaci\u00f3n en <a href=\"http:\/\/innova.fosis.cl\">http:\/\/innova.fosis.cl<\/a>.<\/p>\n","protected":false},"excerpt":{"rendered":"<p>Buscar soluciones innovadoras que generen nuevas respuestas a desaf\u00edos que se enfrentan actualmente en el din\u00e1mico contexto de la pobreza y vulnerabilidad social es el objetivo del fondo Innova FOSIS&#8230;. <a class=\"read-more\" href=\"https:\/\/www.radiopresidenteibanez.cl\/web\/amplian-plazo-para-postular-al-fondo-innova-fosis\/\">Leer m\u00e1s<\/a><\/p>\n","protected":false},"author":2,"featured_media":27314,"comment_status":"closed","ping_status":"closed","sticky":false,"template":"","format":"standard","meta":{"footnotes":""},"categories":[1],"tags":[],"class_list":["post-27313","post","type-post","status-publish","format-standard","has-post-thumbnail","hentry","category-cronica"],"_links":{"self":[{"href":"https:\/\/www.radiopresidenteibanez.cl\/web\/wp-json\/wp\/v2\/posts\/27313","targetHints":{"allow":["GET"]}}],"collection":[{"href":"https:\/\/www.radiopresidenteibanez.cl\/web\/wp-json\/wp\/v2\/posts"}],"about":[{"href":"https:\/\/www.radiopresidenteibanez.cl\/web\/wp-json\/wp\/v2\/types\/post"}],"author":[{"embeddable":true,"href":"https:\/\/www.radiopresidenteibanez.cl\/web\/wp-json\/wp\/v2\/users\/2"}],"replies":[{"embeddable":true,"href":"https:\/\/www.radiopresidenteibanez.cl\/web\/wp-json\/wp\/v2\/comments?post=27313"}],"version-history":[{"count":0,"href":"https:\/\/www.radiopresidenteibanez.cl\/web\/wp-json\/wp\/v2\/posts\/27313\/revisions"}],"wp:featuredmedia":[{"embeddable":true,"href":"https:\/\/www.radiopresidenteibanez.cl\/web\/wp-json\/wp\/v2\/media\/27314"}],"wp:attachment":[{"href":"https:\/\/www.radiopresidenteibanez.cl\/web\/wp-json\/wp\/v2\/media?parent=27313"}],"wp:term":[{"taxonomy":"category","embeddable":true,"href":"https:\/\/www.radiopresidenteibanez.cl\/web\/wp-json\/wp\/v2\/categories?post=27313"},{"taxonomy":"post_tag","embeddable":true,"href":"https:\/\/www.radiopresidenteibanez.cl\/web\/wp-json\/wp\/v2\/tags?post=27313"}],"curies":[{"name":"wp","href":"https:\/\/api.w.org\/{rel}","templated":true}]}}