{"id":273,"date":"2019-01-06T18:18:10","date_gmt":"2019-01-06T18:18:10","guid":{"rendered":"http:\/\/www.radiopresidenteibanez.cl\/web\/?p=273"},"modified":"2019-01-06T18:18:32","modified_gmt":"2019-01-06T18:18:32","slug":"coordinadora-de-mujeres-en-punta-arenas-respecto-del-violento-ataque-ocurrido-en-porvenir-contra-dos-hombres","status":"publish","type":"post","link":"https:\/\/www.radiopresidenteibanez.cl\/web\/coordinadora-de-mujeres-en-punta-arenas-respecto-del-violento-ataque-ocurrido-en-porvenir-contra-dos-hombres\/","title":{"rendered":"COORDINADORA DE MUJERES EN PUNTA ARENAS RESPECTO DEL VIOLENTO ATAQUE OCURRIDO EN PORVENIR CONTRA DOS HOMBRES"},"content":{"rendered":"\n<p>Frente al ataque homof\u00f3bico ocurrido en Porvenir este pasado\n1 de enero desde la Coordinadora de Mujeres Feministas de Punta Arenas\ndeclaramos que:<\/p>\n\n\n\n<p>Este ataque debe entenderse en el contexto de un sistema de\ncreencias y estructuras patriarcales. \u00bfQu\u00e9 quiere decir esto? Que vivimos en\nuna sociedad que sostiene que hay determinadas formas de ser de mujeres y\nhombres que son naturales y obligatorias, donde las mujeres y cuerpos\nfeminizados son violentadas a diario, consider\u00e1ndose esto natural; donde\ntambi\u00e9n se castiga a los hombres que no act\u00faan como se espera que deben actuar.\nEs decir, la expectativa de que los hombres sean fuertes y no lloren, que sean\n\u201cbien machos\u201d, es lo que lleva a que se piense que los hombres son naturalmente\nviolentos. <\/p>\n\n\n\n<p>La homofobia, o sea, el rechazo a las personas que tienen\ndeseos y sexualidades distintas a lo que se considera \u201cnormal\u201d, es decir entre\nhombres y mujeres (heteronorma) es parte de este sistema patriarcal que&nbsp; a diario violenta a mujeres y disidencias y\nque repudiamos por la violencia que genera.<\/p>\n\n\n\n<p>Este ataque es una expresi\u00f3n m\u00e1s del machismo, donde se\ntortura e intenta asesinar a dos hombres por ser homosexuales y nos duele\nprofundamente como feministas y como humanas. Es necesario entender que la\nsexualidad, el deseo y el amor son derechos humanos fundamentales y que sus\nmanifestaciones son m\u00faltiples y diversas. Es necesario interrumpir el mandato\nde la heterosexualidad obligatoria, entendiendo que las personas y ni\u00f1es tienen\nel derecho a explorar diferentes formas de amar. Esperamos que los medios de\ncomunicaci\u00f3n y el sistema judicial act\u00faen con determinaci\u00f3n, a pesar de\nentender que el sistema judicial no es una la \u00fanica soluci\u00f3n. Nos preocupa\nenormemente los recurrentes hechos de violencia machista ocurridos en Porvenir,\ny exigimos a las autoridades y la Fiscal\u00eda investigar y sancionar este brutal y\nmachista ataque. <\/p>\n\n\n\n<p>Tambi\u00e9n sabemos que no es suficiente condenar legalmente\nestos hechos, sino que se necesita entender que cambiar la cultura requiere de\nacciones concretas. No basta con leyes que castiguen esta violencia, como la\nLey 20.069 conocida como \u201cLey Anti Discriminaci\u00f3n\u201d o \u201cLey Zamudio\u201d, se necesita\nde manera urgente cambios culturales para relacionarnos de otros modos.<\/p>\n\n\n\n<p>Una acci\u00f3n concreta es la educaci\u00f3n, y no s\u00f3lo la educaci\u00f3n\nsexual integral en las escuelas, sino la responsabilidad que tenemos todes de\neducarnos. Para esto hay muchos recursos disponibles en internet y tambi\u00e9n en\nespacios informales, con el objetivo de profundizar nuestros conocimientos\nrespecto la sexualidad y romper con los estereotipos esperados y asignados al\nnacer. Entender que la educaci\u00f3n transcurre tambi\u00e9n en espacios p\u00fablicos, a\ntrav\u00e9s de intervenciones, marchas y tambi\u00e9n el arte, y tambi\u00e9n exigir m\u00e1s de\nlos medios de comunicaci\u00f3n. Del mismo modo, es educaci\u00f3n p\u00fablica tambi\u00e9n el Intercambio\nde ideas y las conversaciones en lugares de trabajo y de estudio, con nuestras\nfamilias y amigues. Esto es responsabilidad de todes.<\/p>\n\n\n\n<p>Es por esto que pedimos no dejar pasar estos hechos\nviolentos sin aprovechar de plantear conversaciones para debatir sobre la\ndisidencia sexual, y las infinitas maneras de ser. Finalmente, pedimos estar\natentxs a los apoyos que se requieran en la recuperaci\u00f3n y procesos judiciales\nde los dos hombres torturados.<\/p>\n","protected":false},"excerpt":{"rendered":"<p>Frente al ataque homof\u00f3bico ocurrido en Porvenir este pasado 1 de enero desde la Coordinadora de Mujeres Feministas de Punta Arenas declaramos que: Este ataque debe entenderse en el contexto&#8230; <a class=\"read-more\" href=\"https:\/\/www.radiopresidenteibanez.cl\/web\/coordinadora-de-mujeres-en-punta-arenas-respecto-del-violento-ataque-ocurrido-en-porvenir-contra-dos-hombres\/\">Leer m\u00e1s<\/a><\/p>\n","protected":false},"author":2,"featured_media":197,"comment_status":"closed","ping_status":"closed","sticky":false,"template":"","format":"standard","meta":{"footnotes":""},"categories":[1],"tags":[],"class_list":["post-273","post","type-post","status-publish","format-standard","has-post-thumbnail","hentry","category-cronica"],"_links":{"self":[{"href":"https:\/\/www.radiopresidenteibanez.cl\/web\/wp-json\/wp\/v2\/posts\/273","targetHints":{"allow":["GET"]}}],"collection":[{"href":"https:\/\/www.radiopresidenteibanez.cl\/web\/wp-json\/wp\/v2\/posts"}],"about":[{"href":"https:\/\/www.radiopresidenteibanez.cl\/web\/wp-json\/wp\/v2\/types\/post"}],"author":[{"embeddable":true,"href":"https:\/\/www.radiopresidenteibanez.cl\/web\/wp-json\/wp\/v2\/users\/2"}],"replies":[{"embeddable":true,"href":"https:\/\/www.radiopresidenteibanez.cl\/web\/wp-json\/wp\/v2\/comments?post=273"}],"version-history":[{"count":0,"href":"https:\/\/www.radiopresidenteibanez.cl\/web\/wp-json\/wp\/v2\/posts\/273\/revisions"}],"wp:featuredmedia":[{"embeddable":true,"href":"https:\/\/www.radiopresidenteibanez.cl\/web\/wp-json\/wp\/v2\/media\/197"}],"wp:attachment":[{"href":"https:\/\/www.radiopresidenteibanez.cl\/web\/wp-json\/wp\/v2\/media?parent=273"}],"wp:term":[{"taxonomy":"category","embeddable":true,"href":"https:\/\/www.radiopresidenteibanez.cl\/web\/wp-json\/wp\/v2\/categories?post=273"},{"taxonomy":"post_tag","embeddable":true,"href":"https:\/\/www.radiopresidenteibanez.cl\/web\/wp-json\/wp\/v2\/tags?post=273"}],"curies":[{"name":"wp","href":"https:\/\/api.w.org\/{rel}","templated":true}]}}