{"id":27223,"date":"2022-02-02T11:56:00","date_gmt":"2022-02-02T14:56:00","guid":{"rendered":"https:\/\/www.radiopresidenteibanez.cl\/web\/?p=27223"},"modified":"2022-02-02T10:39:46","modified_gmt":"2022-02-02T13:39:46","slug":"economia-nacional-cerro-2021-con-un-crecimiento-historico","status":"publish","type":"post","link":"https:\/\/www.radiopresidenteibanez.cl\/web\/economia-nacional-cerro-2021-con-un-crecimiento-historico\/","title":{"rendered":"ECONOM\u00cdA NACIONAL CERRO 2021 CON UN CRECIMIENTO HIST\u00d3RICO"},"content":{"rendered":"\n<p>el Banco Central public\u00f3 el\nIndicador Mensual de Actividad Econ\u00f3mica (Imacec) de diciembre 2021, el cual\nmuestra un crecimiento de 10,1% en comparaci\u00f3n con igual mes del a\u00f1o 2020,\nmientras que la serie desestacionalizada cay\u00f3 0,4% respecto del mes precedente\ny aument\u00f3 10,2% en doce meses.<\/p>\n\n\n\n<p>Para el Seremi de Econom\u00eda,\nFomento y Turismo (s), Alfonso Roux, <em>\u201cEl IMACEC de diciembre 2021, se suma a\nlas muy buenas cifras de empleo entregadas ayer por el INE y confirman un\nescenario econ\u00f3mico pr\u00f3spero para el inicio de este a\u00f1o. De hecho, si solo se\nmantiene el nivel de actividad de diciembre por todo 2022, la econom\u00eda crecer\u00eda\nm\u00e1s de 4%\u201d, destac\u00f3.<\/em><\/p>\n\n\n\n<p><strong>Imacec por\nactividad<\/strong><\/p>\n\n\n\n<p>Todos los componentes del Imacec\ncrecieron respecto al mismo periodo del a\u00f1o anterior, destacando la\ncontribuci\u00f3n de las actividades de servicios y, en menor medida, del comercio.<\/p>\n\n\n\n<p>La producci\u00f3n de bienes aument\u00f3\nun 3,3%, explicada por la agrupaci\u00f3n resto de bienes, que creci\u00f3 5,9% asociado al\ndesempe\u00f1o de la construcci\u00f3n. La industria manufacturera y la miner\u00eda aportaron\na este resultado con crecimientos de 4,3% y 1,5% respectivamente.<\/p>\n\n\n\n<p>En t\u00e9rminos desestacionalizados,\nla producci\u00f3n de bienes cay\u00f3 1,8% respecto del mes anterior. Este resultado fue\ndeterminado, principalmente por la ca\u00edda de la miner\u00eda, efecto parcialmente\ncompensado por el aumento del resto de bienes.<\/p>\n\n\n\n<p><strong>Comercio<\/strong><\/p>\n\n\n\n<p>Esta actividad creci\u00f3 14,8%,\nimpulsada por todos sus componentes. Destacaron las ventas mayoristas de\nmaterias primas, alimentos, bebidas y tabaco, y maquinaria y equipo, y las\nventas minoristas de vestuario, calzado y equipamiento dom\u00e9stico.<\/p>\n\n\n\n<p>En tanto, cifras\ndesestacionalizadas muestran una ca\u00edda de 1,4% respecto al mes precedente.<\/p>\n\n\n\n<p><strong>Servicios<\/strong><\/p>\n\n\n\n<p>Los servicios crecieron 12,6%,\nresultado explicado principalmente por el desempe\u00f1o de los servicios\nempresariales, seguido por los personales, en particular de salud. En menor\nmedida, el transporte y los restaurantes y hoteles tambi\u00e9n contribuyeron al\nresultado.<\/p>\n\n\n\n<p>Acorde con cifras ajustadas por\nestacionalidad, las actividades de servicios crecieron 1,4% respecto al mes\nanterior. <\/p>\n","protected":false},"excerpt":{"rendered":"<p>el Banco Central public\u00f3 el Indicador Mensual de Actividad Econ\u00f3mica (Imacec) de diciembre 2021, el cual muestra un crecimiento de 10,1% en comparaci\u00f3n con igual mes del a\u00f1o 2020, mientras&#8230; <a class=\"read-more\" href=\"https:\/\/www.radiopresidenteibanez.cl\/web\/economia-nacional-cerro-2021-con-un-crecimiento-historico\/\">Leer m\u00e1s<\/a><\/p>\n","protected":false},"author":2,"featured_media":27224,"comment_status":"closed","ping_status":"closed","sticky":false,"template":"","format":"standard","meta":{"footnotes":""},"categories":[1],"tags":[],"class_list":["post-27223","post","type-post","status-publish","format-standard","has-post-thumbnail","hentry","category-cronica"],"_links":{"self":[{"href":"https:\/\/www.radiopresidenteibanez.cl\/web\/wp-json\/wp\/v2\/posts\/27223","targetHints":{"allow":["GET"]}}],"collection":[{"href":"https:\/\/www.radiopresidenteibanez.cl\/web\/wp-json\/wp\/v2\/posts"}],"about":[{"href":"https:\/\/www.radiopresidenteibanez.cl\/web\/wp-json\/wp\/v2\/types\/post"}],"author":[{"embeddable":true,"href":"https:\/\/www.radiopresidenteibanez.cl\/web\/wp-json\/wp\/v2\/users\/2"}],"replies":[{"embeddable":true,"href":"https:\/\/www.radiopresidenteibanez.cl\/web\/wp-json\/wp\/v2\/comments?post=27223"}],"version-history":[{"count":0,"href":"https:\/\/www.radiopresidenteibanez.cl\/web\/wp-json\/wp\/v2\/posts\/27223\/revisions"}],"wp:featuredmedia":[{"embeddable":true,"href":"https:\/\/www.radiopresidenteibanez.cl\/web\/wp-json\/wp\/v2\/media\/27224"}],"wp:attachment":[{"href":"https:\/\/www.radiopresidenteibanez.cl\/web\/wp-json\/wp\/v2\/media?parent=27223"}],"wp:term":[{"taxonomy":"category","embeddable":true,"href":"https:\/\/www.radiopresidenteibanez.cl\/web\/wp-json\/wp\/v2\/categories?post=27223"},{"taxonomy":"post_tag","embeddable":true,"href":"https:\/\/www.radiopresidenteibanez.cl\/web\/wp-json\/wp\/v2\/tags?post=27223"}],"curies":[{"name":"wp","href":"https:\/\/api.w.org\/{rel}","templated":true}]}}