{"id":27217,"date":"2022-02-02T10:28:26","date_gmt":"2022-02-02T13:28:26","guid":{"rendered":"https:\/\/www.radiopresidenteibanez.cl\/web\/?p=27217"},"modified":"2022-02-02T10:28:32","modified_gmt":"2022-02-02T13:28:32","slug":"ministros-y-superintendente-de-educacion-entregan-lineamientos-para-la-adquisicion-de-utiles-uniformes-y-textos-escolares","status":"publish","type":"post","link":"https:\/\/www.radiopresidenteibanez.cl\/web\/ministros-y-superintendente-de-educacion-entregan-lineamientos-para-la-adquisicion-de-utiles-uniformes-y-textos-escolares\/","title":{"rendered":"MINISTRO(s) y SUPERINTENDENTE DE EDUCACI\u00d3N ENTREGAN LINEAMIENTOS PARA LA ADQUISICI\u00d3N DE \u00daTILES, UNIFORMES y TEXTOS ESCOLARES"},"content":{"rendered":"\n<p>Ministro(s)\nde Educaci\u00f3n, Jorge Poblete y el superintendente, Cristi\u00e1n O\u00b4Ryan, entregaron\nlineamientos normativos que regulan la exigencia de textos, \u00fatiles y uniformes escolares,\njunto con recomendar, al igual que el a\u00f1o pasado, la reutilizaci\u00f3n de\nmateriales. Las autoridades tambi\u00e9n entregaron cifras sobre las denuncias\nrecibidas por el \u00f3rgano fiscalizador en este tema. <\/p>\n\n\n\n<p>\u201cEl llamado que hacemos a los\nestablecimientos educacionales es a nuevamente solicitar lo justo y necesario\nen cuanto a los \u00fatiles escolares, con un claro llamado a la reutilizaci\u00f3n, considerando\nlas dificultades de la pandemia y que este a\u00f1o estar\u00e1 marcado por la\npresencialidad obligatoria en las aulas\u201d, se\u00f1al\u00f3 el Ministro(s) Jorge Poblete.<\/p>\n\n\n\n<p>Asimismo, el superintendente\nCristi\u00e1n O\u2019Ryan, inform\u00f3 que las denuncias en esta materia han ido bajando en\nlos \u00faltimos a\u00f1os. \u201cDurante el 2019 tuvimos 50 denuncias, el 2020 recibimos 33 y\nel reci\u00e9n pasado 2021 llegaron 30 denuncias por exigencias de \u00fatiles, textos y\nuniformes escolares. Creemos que esta baja en las cifras se debe a que hoy la\nciudadan\u00eda est\u00e1 mucho m\u00e1s informada, por tanto, conoce sus derechos y lo que\nindica la normativa educacional\u201d. <\/p>\n\n\n\n<p>En cuanto a\nlas solicitudes que los establecimientos educacionales realizan para la\nadquisici\u00f3n de \u00fatiles escolares, la normativa se\u00f1ala que ninguna escuela,\ncolegio, liceo o jard\u00edn infantil, puede solicitar art\u00edculos de aseo y de\noficina, y tampoco puede obligar o inducir la compra de determinadas marcas en\nempresas o locales comerciales espec\u00edficos. \n\nEn relaci\u00f3n con la\nadquisici\u00f3n de uniformes escolares, su uso obligatorio o flexible es una\ndecisi\u00f3n tomada entre el establecimiento, el Centro de Padres y el Consejo de\nProfesores, previa consulta al Centro de Alumnos y Comit\u00e9 de Seguridad, por lo\nque las normas sobre su uso deben estar claramente se\u00f1aladas en el Reglamento\nInterno y si existe alg\u00fan cambio de uniforme, el establecimiento deber\u00e1\ncomunicarlo en marzo de cada a\u00f1o a la comunidad educa\n\n\n\n<\/p>\n","protected":false},"excerpt":{"rendered":"<p>Ministro(s) de Educaci\u00f3n, Jorge Poblete y el superintendente, Cristi\u00e1n O\u00b4Ryan, entregaron lineamientos normativos que regulan la exigencia de textos, \u00fatiles y uniformes escolares, junto con recomendar, al igual que el&#8230; <a class=\"read-more\" href=\"https:\/\/www.radiopresidenteibanez.cl\/web\/ministros-y-superintendente-de-educacion-entregan-lineamientos-para-la-adquisicion-de-utiles-uniformes-y-textos-escolares\/\">Leer m\u00e1s<\/a><\/p>\n","protected":false},"author":2,"featured_media":27218,"comment_status":"closed","ping_status":"closed","sticky":false,"template":"","format":"standard","meta":{"footnotes":""},"categories":[1],"tags":[],"class_list":["post-27217","post","type-post","status-publish","format-standard","has-post-thumbnail","hentry","category-cronica"],"_links":{"self":[{"href":"https:\/\/www.radiopresidenteibanez.cl\/web\/wp-json\/wp\/v2\/posts\/27217","targetHints":{"allow":["GET"]}}],"collection":[{"href":"https:\/\/www.radiopresidenteibanez.cl\/web\/wp-json\/wp\/v2\/posts"}],"about":[{"href":"https:\/\/www.radiopresidenteibanez.cl\/web\/wp-json\/wp\/v2\/types\/post"}],"author":[{"embeddable":true,"href":"https:\/\/www.radiopresidenteibanez.cl\/web\/wp-json\/wp\/v2\/users\/2"}],"replies":[{"embeddable":true,"href":"https:\/\/www.radiopresidenteibanez.cl\/web\/wp-json\/wp\/v2\/comments?post=27217"}],"version-history":[{"count":0,"href":"https:\/\/www.radiopresidenteibanez.cl\/web\/wp-json\/wp\/v2\/posts\/27217\/revisions"}],"wp:featuredmedia":[{"embeddable":true,"href":"https:\/\/www.radiopresidenteibanez.cl\/web\/wp-json\/wp\/v2\/media\/27218"}],"wp:attachment":[{"href":"https:\/\/www.radiopresidenteibanez.cl\/web\/wp-json\/wp\/v2\/media?parent=27217"}],"wp:term":[{"taxonomy":"category","embeddable":true,"href":"https:\/\/www.radiopresidenteibanez.cl\/web\/wp-json\/wp\/v2\/categories?post=27217"},{"taxonomy":"post_tag","embeddable":true,"href":"https:\/\/www.radiopresidenteibanez.cl\/web\/wp-json\/wp\/v2\/tags?post=27217"}],"curies":[{"name":"wp","href":"https:\/\/api.w.org\/{rel}","templated":true}]}}