{"id":2718,"date":"2019-03-27T14:25:33","date_gmt":"2019-03-27T14:25:33","guid":{"rendered":"http:\/\/www.radiopresidenteibanez.cl\/web\/?p=2718"},"modified":"2019-03-27T14:29:13","modified_gmt":"2019-03-27T14:29:13","slug":"incendio-consumio-en-su-totalidad-vivienda-de-dos-niveles","status":"publish","type":"post","link":"https:\/\/www.radiopresidenteibanez.cl\/web\/incendio-consumio-en-su-totalidad-vivienda-de-dos-niveles\/","title":{"rendered":"INCENDI\u00d3 CONSUMI\u00d3 EN SU TOTALIDAD VIVIENDA DE DOS NIVELES"},"content":{"rendered":"\n<p>Voluntarios Bomberiles de cuatro compa\u00f1\u00edas de Bomberos, debieron concurrir hasta una vivienda ubicada en calle Isla Riesco #072 al llegar a Calle Capit\u00e1n Guillermos, en la ocasi\u00f3n la casa habitaci\u00f3n de dos niveles fue afectada en su totalidad dejando a tres personas damnificadas, personal de Carabineros, Edelmag y Gasco tambi\u00e9n concurrieron hasta el lugar.<\/p>\n\n\n\n<p>En la ocasi\u00f3n tambi\u00e9n se vio afectado en su totalidad por el fuego un autom\u00f3vil.<\/p>\n\n\n\n<p>Noticia en desarrollo.<\/p>\n\n\n\n<figure class=\"wp-block-image\"><img loading=\"lazy\" decoding=\"async\" width=\"1024\" height=\"768\" src=\"https:\/\/www.radiopresidenteibanez.cl\/web\/wp-content\/uploads\/2019\/03\/WhatsApp-Image-2019-03-27-at-10.51.09-1024x768.jpeg\" alt=\"\" class=\"wp-image-2719\" srcset=\"https:\/\/www.radiopresidenteibanez.cl\/web\/wp-content\/uploads\/2019\/03\/WhatsApp-Image-2019-03-27-at-10.51.09-1024x768.jpeg 1024w, https:\/\/www.radiopresidenteibanez.cl\/web\/wp-content\/uploads\/2019\/03\/WhatsApp-Image-2019-03-27-at-10.51.09-300x225.jpeg 300w, https:\/\/www.radiopresidenteibanez.cl\/web\/wp-content\/uploads\/2019\/03\/WhatsApp-Image-2019-03-27-at-10.51.09-768x576.jpeg 768w, https:\/\/www.radiopresidenteibanez.cl\/web\/wp-content\/uploads\/2019\/03\/WhatsApp-Image-2019-03-27-at-10.51.09.jpeg 1280w\" sizes=\"auto, (max-width: 1024px) 100vw, 1024px\" \/><\/figure>\n\n\n\n<p>Video, incendio:  <br><a href=\"https:\/\/www.facebook.com\/287588041574\/videos\/2551878374854580\/\">https:\/\/www.facebook.com\/287588041574\/videos\/2551878374854580\/<\/a> <\/p>\n","protected":false},"excerpt":{"rendered":"<p>Voluntarios Bomberiles de cuatro compa\u00f1\u00edas de Bomberos, debieron concurrir hasta una vivienda ubicada en calle Isla Riesco #072 al llegar a Calle Capit\u00e1n Guillermos, en la ocasi\u00f3n la casa habitaci\u00f3n&#8230; <a class=\"read-more\" href=\"https:\/\/www.radiopresidenteibanez.cl\/web\/incendio-consumio-en-su-totalidad-vivienda-de-dos-niveles\/\">Leer m\u00e1s<\/a><\/p>\n","protected":false},"author":2,"featured_media":2719,"comment_status":"closed","ping_status":"closed","sticky":false,"template":"","format":"standard","meta":{"footnotes":""},"categories":[1],"tags":[],"class_list":["post-2718","post","type-post","status-publish","format-standard","has-post-thumbnail","hentry","category-cronica"],"_links":{"self":[{"href":"https:\/\/www.radiopresidenteibanez.cl\/web\/wp-json\/wp\/v2\/posts\/2718","targetHints":{"allow":["GET"]}}],"collection":[{"href":"https:\/\/www.radiopresidenteibanez.cl\/web\/wp-json\/wp\/v2\/posts"}],"about":[{"href":"https:\/\/www.radiopresidenteibanez.cl\/web\/wp-json\/wp\/v2\/types\/post"}],"author":[{"embeddable":true,"href":"https:\/\/www.radiopresidenteibanez.cl\/web\/wp-json\/wp\/v2\/users\/2"}],"replies":[{"embeddable":true,"href":"https:\/\/www.radiopresidenteibanez.cl\/web\/wp-json\/wp\/v2\/comments?post=2718"}],"version-history":[{"count":0,"href":"https:\/\/www.radiopresidenteibanez.cl\/web\/wp-json\/wp\/v2\/posts\/2718\/revisions"}],"wp:featuredmedia":[{"embeddable":true,"href":"https:\/\/www.radiopresidenteibanez.cl\/web\/wp-json\/wp\/v2\/media\/2719"}],"wp:attachment":[{"href":"https:\/\/www.radiopresidenteibanez.cl\/web\/wp-json\/wp\/v2\/media?parent=2718"}],"wp:term":[{"taxonomy":"category","embeddable":true,"href":"https:\/\/www.radiopresidenteibanez.cl\/web\/wp-json\/wp\/v2\/categories?post=2718"},{"taxonomy":"post_tag","embeddable":true,"href":"https:\/\/www.radiopresidenteibanez.cl\/web\/wp-json\/wp\/v2\/tags?post=2718"}],"curies":[{"name":"wp","href":"https:\/\/api.w.org\/{rel}","templated":true}]}}