{"id":2715,"date":"2019-03-27T14:06:03","date_gmt":"2019-03-27T14:06:03","guid":{"rendered":"http:\/\/www.radiopresidenteibanez.cl\/web\/?p=2715"},"modified":"2019-03-27T14:06:46","modified_gmt":"2019-03-27T14:06:46","slug":"gobernadora-ana-mayorga-realiza-visita-en-terreno-a-trabajos-de-bacheo-en-camino-4","status":"publish","type":"post","link":"https:\/\/www.radiopresidenteibanez.cl\/web\/gobernadora-ana-mayorga-realiza-visita-en-terreno-a-trabajos-de-bacheo-en-camino-4\/","title":{"rendered":"GOBERNADORA ANA MAYORGA REALIZA VISITA EN TERRENO A TRABAJOS DE BACHEO EN CAMINO 4"},"content":{"rendered":"\n<p>La Gobernadora\nAna Mayorga, junto al Jefe Provincial de Vialidad, Mauricio Bustos, se\ndirigieron hasta el camino 4, del sector Huertos Familiares, donde se comenz\u00f3 a\ntrabajar en la reparaci\u00f3n de baches en la ruta. Estos trabajos se iniciaron\ndespu\u00e9s que los vecinos realizaran diversos alcances a las autoridades por el\nestado del camino producto del paso de camiones de alto tonelaje en una ruta\nque est\u00e1 dise\u00f1ada para veh\u00edculos livianos.<\/p>\n\n\n\n<p>La Jefa\nProvincial manifest\u00f3 que \u201cse recogi\u00f3 la inquietud de los vecinos del sector que\nhan reclamado por la gran cantidad de hoyos que existen en esta ruta y la\nverdad es que ha sido un tanto complicado trabajar en este sector, teniendo en\ncuenta que no deber\u00eda haber tr\u00e1nsito de camiones y que hoy efectivamente es una\nruta ocupada por camiones para ingresar o salir de huertos familiares o de\nalgunas canteras que existen en este lugar\u201d.<\/p>\n\n\n\n<p>Por otra\nparte, el titular de Vialidad, respecto al estado de este camino, indic\u00f3 que\n\u201ceste camino tiene un est\u00e1ndar que no es para camiones, sino que solamente para\nveh\u00edculos livianos. Ahora, dentro de esto yo creo que se pedir\u00e1 mejorar el\nest\u00e1ndar el camino para poder dejar algo m\u00e1s definitivo. Ahora estamos haciendo\nun bacheo producto del paso de camiones, donde estamos abarcando un \u00e1rea de 2\nkil\u00f3metros de los 5 que tiene este camino\u201d.<\/p>\n\n\n\n<p>Para finalizar,\nla Gobernadora se\u00f1al\u00f3 que \u201cm\u00e1s all\u00e1 de las fiscalizaciones, vamos a apelar a la\nconciencia del cuidado de las rutas de nuestra provincia de parte de nuestros\nconductores, donde se han iniciado obras de mantenci\u00f3n dentro de una serie de\ntrabajos que se est\u00e1n realizando en la provincia en distintos puntos\u201d.<\/p>\n\n\n\n<p>Estos trabajos de bacheo en fr\u00edo se suman a la labor que est\u00e1 haciendo Vialidad en las bermas de la Ruta 9, desde Casas Viejas a Puerto Natales, para poder enfrentar un invierno de la mejor manera.<\/p>\n\n\n\n<figure class=\"wp-block-image\"><img loading=\"lazy\" decoding=\"async\" width=\"1024\" height=\"768\" src=\"http:\/\/www.radiopresidenteibanez.cl\/web\/wp-content\/uploads\/2019\/03\/Bacheo-2-1024x768.jpeg\" alt=\"\" class=\"wp-image-2716\" srcset=\"https:\/\/www.radiopresidenteibanez.cl\/web\/wp-content\/uploads\/2019\/03\/Bacheo-2-1024x768.jpeg 1024w, https:\/\/www.radiopresidenteibanez.cl\/web\/wp-content\/uploads\/2019\/03\/Bacheo-2-300x225.jpeg 300w, https:\/\/www.radiopresidenteibanez.cl\/web\/wp-content\/uploads\/2019\/03\/Bacheo-2-768x576.jpeg 768w, https:\/\/www.radiopresidenteibanez.cl\/web\/wp-content\/uploads\/2019\/03\/Bacheo-2.jpeg 1280w\" sizes=\"auto, (max-width: 1024px) 100vw, 1024px\" \/><\/figure>\n","protected":false},"excerpt":{"rendered":"<p>La Gobernadora Ana Mayorga, junto al Jefe Provincial de Vialidad, Mauricio Bustos, se dirigieron hasta el camino 4, del sector Huertos Familiares, donde se comenz\u00f3 a trabajar en la reparaci\u00f3n&#8230; <a class=\"read-more\" href=\"https:\/\/www.radiopresidenteibanez.cl\/web\/gobernadora-ana-mayorga-realiza-visita-en-terreno-a-trabajos-de-bacheo-en-camino-4\/\">Leer m\u00e1s<\/a><\/p>\n","protected":false},"author":2,"featured_media":2716,"comment_status":"closed","ping_status":"closed","sticky":false,"template":"","format":"standard","meta":{"footnotes":""},"categories":[1],"tags":[],"class_list":["post-2715","post","type-post","status-publish","format-standard","has-post-thumbnail","hentry","category-cronica"],"_links":{"self":[{"href":"https:\/\/www.radiopresidenteibanez.cl\/web\/wp-json\/wp\/v2\/posts\/2715","targetHints":{"allow":["GET"]}}],"collection":[{"href":"https:\/\/www.radiopresidenteibanez.cl\/web\/wp-json\/wp\/v2\/posts"}],"about":[{"href":"https:\/\/www.radiopresidenteibanez.cl\/web\/wp-json\/wp\/v2\/types\/post"}],"author":[{"embeddable":true,"href":"https:\/\/www.radiopresidenteibanez.cl\/web\/wp-json\/wp\/v2\/users\/2"}],"replies":[{"embeddable":true,"href":"https:\/\/www.radiopresidenteibanez.cl\/web\/wp-json\/wp\/v2\/comments?post=2715"}],"version-history":[{"count":0,"href":"https:\/\/www.radiopresidenteibanez.cl\/web\/wp-json\/wp\/v2\/posts\/2715\/revisions"}],"wp:featuredmedia":[{"embeddable":true,"href":"https:\/\/www.radiopresidenteibanez.cl\/web\/wp-json\/wp\/v2\/media\/2716"}],"wp:attachment":[{"href":"https:\/\/www.radiopresidenteibanez.cl\/web\/wp-json\/wp\/v2\/media?parent=2715"}],"wp:term":[{"taxonomy":"category","embeddable":true,"href":"https:\/\/www.radiopresidenteibanez.cl\/web\/wp-json\/wp\/v2\/categories?post=2715"},{"taxonomy":"post_tag","embeddable":true,"href":"https:\/\/www.radiopresidenteibanez.cl\/web\/wp-json\/wp\/v2\/tags?post=2715"}],"curies":[{"name":"wp","href":"https:\/\/api.w.org\/{rel}","templated":true}]}}