{"id":27138,"date":"2022-01-28T15:43:00","date_gmt":"2022-01-28T18:43:00","guid":{"rendered":"https:\/\/www.radiopresidenteibanez.cl\/web\/?p=27138"},"modified":"2022-01-28T14:06:40","modified_gmt":"2022-01-28T17:06:40","slug":"27-estudiantes-pace-ingresaron-a-la-umag","status":"publish","type":"post","link":"https:\/\/www.radiopresidenteibanez.cl\/web\/27-estudiantes-pace-ingresaron-a-la-umag\/","title":{"rendered":"27  ESTUDIANTES PACE INGRESARON A LA UMAG"},"content":{"rendered":"\n<p>Del Proceso de Admisi\u00f3n PACE\nUMAG 2022, que comenz\u00f3 con las postulaciones, del 11 al 14 de enero, con un\napoyo presencial y online por parte de las profesionales del programa y que\nfinaliz\u00f3 con las matr\u00edculas del 25 al 28 de enero, 27 fueron los estudiantes habilitados de los 7 establecimientos\npertenecientes al Programa de Acompa\u00f1amiento y Acceso Efectivo a la Educaci\u00f3n\nSuperior en la regi\u00f3n que concretaron su matr\u00edcula e ingresaron a la\nUniversidad de Magallanes. <\/p>\n\n\n\n<p>Destacando que de un total de 77 PACE habilitados, 64\nfueron seleccionados tanto en Instituciones de Educaci\u00f3n Superior (IES)\ncomo en Institutos Profesionales (IP) o Centros de Formaci\u00f3n T\u00e9cnica (CFT). <\/p>\n\n\n\n<p>Lo que significa que se ha\nrealizado un gran trabajo para que los PACE habilitados hoy est\u00e1n siendo parte de la Educaci\u00f3n Superior. <\/p>\n\n\n\n<p>Los estudiantes ser\u00e1n\nacompa\u00f1ados en sus dos primeros a\u00f1os por el Equipo de Acompa\u00f1amiento en la\nEducaci\u00f3n Superior (AES) PACE&nbsp; UMAG, el\ncual est\u00e1 compuesto por profesionales y tutores pares que facilitan el proceso\nde adaptaci\u00f3n y rendimiento educacional, adem\u00e1s de su progreso,\npermanencia y titulaci\u00f3n, a trav\u00e9s de la implementaci\u00f3n de dispositivos que\nresponden a sus necesidades acad\u00e9micas y psicoeducativas. <\/p>\n\n\n\n<p>A su\nvez el equipo evidencia un diagn\u00f3stico inicial y cuya evoluci\u00f3n se va\nobservando a partir de la informaci\u00f3n que otorgan los sistemas de monitoreo y\nalerta temprana. <\/p>\n\n\n\n<p>Frente a esto, la Dra. Carmen Paz\nOval Soto, Coordinadora Ejecutiva PACE UMAG, se\u00f1al\u00f3 que \u201ccomo equipo PACE-UMAG\nestamos contentos que cada d\u00eda sean m\u00e1s los j\u00f3venes que deciden aprovechar la\noportunidad que les brinda el programa, ya que es un reconocimiento tanto a su\ntrayectoria acad\u00e9mica en el Liceo, como a su familia, quienes se esmeran para\nque sus hijos tengan una mejor calidad de vida y en muchos casos tengan la\noportunidad que sus padres no tuvieron en su momento. Esperamos con ansias\npoder conocer las 27 historias de los estudiantes que ingresan a la UMAG porque\nestamos seguros que hay esfuerzo y dedicaci\u00f3n en ellos y sus familias\u201d. <\/p>\n","protected":false},"excerpt":{"rendered":"<p>Del Proceso de Admisi\u00f3n PACE UMAG 2022, que comenz\u00f3 con las postulaciones, del 11 al 14 de enero, con un apoyo presencial y online por parte de las profesionales del&#8230; <a class=\"read-more\" href=\"https:\/\/www.radiopresidenteibanez.cl\/web\/27-estudiantes-pace-ingresaron-a-la-umag\/\">Leer m\u00e1s<\/a><\/p>\n","protected":false},"author":2,"featured_media":27139,"comment_status":"closed","ping_status":"closed","sticky":false,"template":"","format":"standard","meta":{"footnotes":""},"categories":[1],"tags":[],"class_list":["post-27138","post","type-post","status-publish","format-standard","has-post-thumbnail","hentry","category-cronica"],"_links":{"self":[{"href":"https:\/\/www.radiopresidenteibanez.cl\/web\/wp-json\/wp\/v2\/posts\/27138","targetHints":{"allow":["GET"]}}],"collection":[{"href":"https:\/\/www.radiopresidenteibanez.cl\/web\/wp-json\/wp\/v2\/posts"}],"about":[{"href":"https:\/\/www.radiopresidenteibanez.cl\/web\/wp-json\/wp\/v2\/types\/post"}],"author":[{"embeddable":true,"href":"https:\/\/www.radiopresidenteibanez.cl\/web\/wp-json\/wp\/v2\/users\/2"}],"replies":[{"embeddable":true,"href":"https:\/\/www.radiopresidenteibanez.cl\/web\/wp-json\/wp\/v2\/comments?post=27138"}],"version-history":[{"count":0,"href":"https:\/\/www.radiopresidenteibanez.cl\/web\/wp-json\/wp\/v2\/posts\/27138\/revisions"}],"wp:featuredmedia":[{"embeddable":true,"href":"https:\/\/www.radiopresidenteibanez.cl\/web\/wp-json\/wp\/v2\/media\/27139"}],"wp:attachment":[{"href":"https:\/\/www.radiopresidenteibanez.cl\/web\/wp-json\/wp\/v2\/media?parent=27138"}],"wp:term":[{"taxonomy":"category","embeddable":true,"href":"https:\/\/www.radiopresidenteibanez.cl\/web\/wp-json\/wp\/v2\/categories?post=27138"},{"taxonomy":"post_tag","embeddable":true,"href":"https:\/\/www.radiopresidenteibanez.cl\/web\/wp-json\/wp\/v2\/tags?post=27138"}],"curies":[{"name":"wp","href":"https:\/\/api.w.org\/{rel}","templated":true}]}}