{"id":2712,"date":"2019-03-27T13:57:09","date_gmt":"2019-03-27T13:57:09","guid":{"rendered":"http:\/\/www.radiopresidenteibanez.cl\/web\/?p=2712"},"modified":"2019-03-27T13:57:43","modified_gmt":"2019-03-27T13:57:43","slug":"bancada-dc-por-reforma-tributaria-favorece-a-los-mismos-de-siempre","status":"publish","type":"post","link":"https:\/\/www.radiopresidenteibanez.cl\/web\/bancada-dc-por-reforma-tributaria-favorece-a-los-mismos-de-siempre\/","title":{"rendered":"BANCADA DC POR REFORMA TRIBUTARIA: \u201cFAVORECE A LOS MISMOS DE SIEMPRE\u201d"},"content":{"rendered":"\n<p>A trav\u00e9s de una minuta dirigida a todos sus diputados y firmada por el jefe de la bancada, Gabriel Ascencio, la Democracia Cristiana cuestion\u00f3 las modificaciones que propuso la semana pasada el Ministerio de Hacienda al proyecto de reforma tributaria, buscando paliar lo que se calific\u00f3 como una \u201cregresividad\u201d tributaria.<\/p>\n\n\n\n<p>En el escrito, el diputado DC acusa que la propuesta del presidente Sebasti\u00e1n Pi\u00f1era pretende que sea la clase media la que financie, mediante el pago del Impuesto al Valor Agregado, la rebaja de impuestos que dejar\u00e1n de pagar las grande empresas , favoreciendo as\u00ed a \u201clos mismos de siempre\u201d &nbsp;y significando un retroceso respecto de lo avanzado con la reforma de 2014.<\/p>\n\n\n\n<p>En conversaci\u00f3n con nuestro medio, el jefe de la bancada de diputados de la Democracia Cristiana, explic\u00f3 que, pese a que est\u00e1n de acuerdo con que se requieren m\u00e1s recursos, no puede ser la clase media quien los pague.<\/p>\n\n\n\n<p>\u201cPara esta reforma tributaria nosotros lo decimos muy claro. Es evidente que Chile necesita m\u00e1s recursos y est\u00e1 mayor cantidad de recursos tiene que venir, necesariamente, de aquellos que en Chile han acumulado m\u00e1s riquezas, los que tienen m\u00e1s. No puede ser que la clase media sea la condenada a pagar siempre m\u00e1s impuestos. Eso no puede ser y no lo vamos a aceptar\u201d, advirti\u00f3 Ascencio.<\/p>\n\n\n\n<p>En la minuta, tambi\u00e9n ponen \u00e9nfasis en dos modificaciones planteadas por Hacienda que, seg\u00fan la bancada dem\u00f3crata-cristiana, no cumplen con la promesa del ministerio de ser alternativas progresivas.<\/p>\n\n\n\n<p>En concreto, critican las propuestas del aumento sobre el impuesto al CO2 y que se establezca IVA a las plataformas digitales. Sin embargo, tambi\u00e9n hay propuestas que gustan a la falange, como la idea de limitar el&nbsp;<em>marketmaker<\/em>&nbsp;para efecto del impuesto a la ganancia de capital. Sobre esto, Ascencio se\u00f1al\u00f3 a nuestro medio que es una de las propuestas con las que est\u00e1n de acuerdo.<\/p>\n\n\n\n<p>\u201cEso, por ejemplo, a m\u00ed me parece bien. Yo creo que todos aquellos que especulan con los recursos de capital, m\u00e1s que recursos de trabajo mismo, todos \u00e9stos debieran saber que siempre tienen que pagar m\u00e1s impuestos y eso viene de aquellos que tienen m\u00e1s recursos en este pa\u00eds\u201d, sostuvo el parlamentario.<\/p>\n\n\n\n<h3 class=\"wp-block-heading\">La bancada regionalista<\/h3>\n\n\n\n<p>Por su parte, desde la bancada regionalista y tras una reuni\u00f3n con el ministro de Hacienda, Felipe Larra\u00edn, la diputada y presidenta de la comisi\u00f3n de Gobierno Interior de la C\u00e1mara, Joanna P\u00e9rez, manifest\u00f3 decepci\u00f3n y preocupaci\u00f3n ante la propuesta del Gobierno en materia de reforma tributaria para las regiones.<\/p>\n\n\n\n<p>La parlamentaria dem\u00f3crata cristiana critic\u00f3 la propuesta del uno por ciento de inversi\u00f3n futura para las regiones, se\u00f1alando que esto no los deja satisfechos como bancada.<\/p>\n\n\n\n<p>\u201cLas regiones siguen esperando. Yo esperaba tambi\u00e9n una intenci\u00f3n mayor del Gobierno de poder nivelar la cancha en todo aspecto. Hoy d\u00eda se est\u00e1 pensando en la elecci\u00f3n de Gobernadores regionales, en el traspaso de competencias y lo que se ha expuesto aqu\u00ed es insuficiente. Un uno por ciento de la inversi\u00f3n futura obviamente que no nos deja conformes. Es m\u00e1s, no hay claridad de aquello, no se habla de un fondo de compensaci\u00f3n y por lo tanto, creo que son solo anuncios\u201d, manifest\u00f3 P\u00e9rez.<\/p>\n\n\n\n<p>Desde la Falange aseguraron que este mi\u00e9rcoles, los t\u00e9cnicos contratados por los partidos de la oposici\u00f3n que analizaron las modificaciones del Ministerio de Hacienda, debieran entregar el informe final con sus interpretaciones.<\/p>\n\n\n\n<p>As\u00ed, quedar\u00e1n a la espera de los cambios que pueda introducir el Gobierno antes del pr\u00f3ximo martes, d\u00eda en que se llevar\u00e1 a cabo la votaci\u00f3n en general del proyecto en la Comisi\u00f3n de Hacienda de la C\u00e1mara.<\/p>\n\n\n\n<figure class=\"wp-block-image\"><img loading=\"lazy\" decoding=\"async\" width=\"900\" height=\"600\" src=\"https:\/\/www.radiopresidenteibanez.cl\/web\/wp-content\/uploads\/2019\/03\/Aton_256575.jpg\" alt=\"\" class=\"wp-image-2713\" srcset=\"https:\/\/www.radiopresidenteibanez.cl\/web\/wp-content\/uploads\/2019\/03\/Aton_256575.jpg 900w, https:\/\/www.radiopresidenteibanez.cl\/web\/wp-content\/uploads\/2019\/03\/Aton_256575-300x200.jpg 300w, https:\/\/www.radiopresidenteibanez.cl\/web\/wp-content\/uploads\/2019\/03\/Aton_256575-768x512.jpg 768w\" sizes=\"auto, (max-width: 900px) 100vw, 900px\" \/><figcaption>Valparaiso, 20 de noviembre de 2018.\rDiputados de la bancada Democracia Cristiana DC encabezados por el diputado Matias Walker anuncian acusacion constitucional contra el intendente de la region de la Araucania Luis Mayol.\rRaul Zamora\/Aton Chile<\/figcaption><\/figure>\n","protected":false},"excerpt":{"rendered":"<p>A trav\u00e9s de una minuta dirigida a todos sus diputados y firmada por el jefe de la bancada, Gabriel Ascencio, la Democracia Cristiana cuestion\u00f3 las modificaciones que propuso la semana&#8230; <a class=\"read-more\" href=\"https:\/\/www.radiopresidenteibanez.cl\/web\/bancada-dc-por-reforma-tributaria-favorece-a-los-mismos-de-siempre\/\">Leer m\u00e1s<\/a><\/p>\n","protected":false},"author":2,"featured_media":2713,"comment_status":"closed","ping_status":"closed","sticky":false,"template":"","format":"standard","meta":{"footnotes":""},"categories":[1],"tags":[],"class_list":["post-2712","post","type-post","status-publish","format-standard","has-post-thumbnail","hentry","category-cronica"],"_links":{"self":[{"href":"https:\/\/www.radiopresidenteibanez.cl\/web\/wp-json\/wp\/v2\/posts\/2712","targetHints":{"allow":["GET"]}}],"collection":[{"href":"https:\/\/www.radiopresidenteibanez.cl\/web\/wp-json\/wp\/v2\/posts"}],"about":[{"href":"https:\/\/www.radiopresidenteibanez.cl\/web\/wp-json\/wp\/v2\/types\/post"}],"author":[{"embeddable":true,"href":"https:\/\/www.radiopresidenteibanez.cl\/web\/wp-json\/wp\/v2\/users\/2"}],"replies":[{"embeddable":true,"href":"https:\/\/www.radiopresidenteibanez.cl\/web\/wp-json\/wp\/v2\/comments?post=2712"}],"version-history":[{"count":0,"href":"https:\/\/www.radiopresidenteibanez.cl\/web\/wp-json\/wp\/v2\/posts\/2712\/revisions"}],"wp:featuredmedia":[{"embeddable":true,"href":"https:\/\/www.radiopresidenteibanez.cl\/web\/wp-json\/wp\/v2\/media\/2713"}],"wp:attachment":[{"href":"https:\/\/www.radiopresidenteibanez.cl\/web\/wp-json\/wp\/v2\/media?parent=2712"}],"wp:term":[{"taxonomy":"category","embeddable":true,"href":"https:\/\/www.radiopresidenteibanez.cl\/web\/wp-json\/wp\/v2\/categories?post=2712"},{"taxonomy":"post_tag","embeddable":true,"href":"https:\/\/www.radiopresidenteibanez.cl\/web\/wp-json\/wp\/v2\/tags?post=2712"}],"curies":[{"name":"wp","href":"https:\/\/api.w.org\/{rel}","templated":true}]}}