{"id":27113,"date":"2022-01-27T12:31:02","date_gmt":"2022-01-27T15:31:02","guid":{"rendered":"https:\/\/www.radiopresidenteibanez.cl\/web\/?p=27113"},"modified":"2022-01-26T19:44:19","modified_gmt":"2022-01-26T22:44:19","slug":"resultados-del-censo-nacional-agropecuario-y-forestal-revelan-que-la-ganaderia-cultivos-y-frutales-son-los-principales-fuentes-de-ingresos-para-los-productores","status":"publish","type":"post","link":"https:\/\/www.radiopresidenteibanez.cl\/web\/resultados-del-censo-nacional-agropecuario-y-forestal-revelan-que-la-ganaderia-cultivos-y-frutales-son-los-principales-fuentes-de-ingresos-para-los-productores\/","title":{"rendered":"RESULTADOS DEL CENSO NACIONAL AGROPECUARIO Y FORESTAL REVELAN QUE LA GANADER\u00cdA, CULTIVOS Y FRUTALES SON LOS PRINCIPALES FUENTES DE INGRESOS PARA LOS PRODUCTORES"},"content":{"rendered":"\n<p>El Ministerio de Econom\u00eda y de Agricultura, a trav\u00e9s del INE y Odepa, respectivamente, dieron a conocer los resultados preliminares del VIII Censo Nacional Agropecuario y Forestal,&nbsp;la fuente m\u00e1s importante de informaci\u00f3n estad\u00edstica en base a la cual los gobiernos, autoridades, organizaciones y el sector privado orientan sus recursos para contribuir al desarrollo del sector, lo que beneficia a todos los chilenos y chilenas.<\/p>\n\n\n\n<p>Seg\u00fan los datos preliminares,&nbsp;la superficie&nbsp;con cultivos bajo sistemas de riego es casi la mitad de los terrenos cultivados, alcanzando un 48,7% sobre ellos, con 902.158 hect\u00e1reas. Adem\u00e1s, se revel\u00f3 que&nbsp;el 87,1% de las Unidades Productivas Agropecuarias es gestionada por productores y productoras individuales, y un 6% por empresas o sociedades. En este VIII Censo fueron censados 56,2 millones de hect\u00e1reas y 176.570 productores y productoras, de las 16 regiones, incluyendo los territorios insulares.<\/p>\n\n\n\n<p>La informaci\u00f3n fue presentada este jueves 20 de enero 2022 en un punto de prensa en el cual estuvieron presentes el ministro de Econom\u00eda, Lucas Palacios; la ministra de Agricultura, Mar\u00eda Emilia Undurraga; la directora nacional del INE, Sandra Quijada; la directora de Odepa, Mar\u00eda Jos\u00e9 Irarr\u00e1zaval, y la coordinadora nacional del VIII Censo Nacional Agropecuario y Forestal, Ana Mar\u00eda Verdaguer.&nbsp;<\/p>\n\n\n\n<p>El levantamiento censal se realiz\u00f3 luego de 14 a\u00f1os, entre el 10 de marzo y el 10 de junio de 2021, tras haber sido reagendado tres veces como consecuencia de la pandemia. &nbsp;<\/p>\n\n\n\n<p>El ministro Lucas Palacios destac\u00f3 la importancia de esta \u00e1rea productiva para la econom\u00eda del pa\u00eds: \u201cEsperamos que este sector se siga moviendo con fuerza y seguiremos trabajando para que los peque\u00f1os productores puedan salir con sus productos hacia los destinos del mundo\u201d. La autoridad tambi\u00e9n explic\u00f3 lo clave de los datos que arroj\u00f3 este levantamiento de informaci\u00f3n para apoyar el desarrollo del rubro agropecuario. \u201cPara generar buenas pol\u00edticas p\u00fablicas, son clave los datos y el profesionalismo, esa es la raz\u00f3n por la que hicimos este censo, porque nos permite llegar con las herramientas adecuadas, al cayo, directamente donde les aprieta el zapato a cada uno de los productores de nuestro pa\u00eds, que necesitan una ayuda por parte del Estado. El censo permite establecer una hoja de ruta con herramientas que ayuden a un sector que est\u00e1 en permanente dinamismo, enfrentando distintas dificultades y mercados\u201d, enfatiz\u00f3 Palacios. &nbsp;<\/p>\n\n\n\n<p>En tanto la ministra Undurraga se\u00f1al\u00f3 que este censo es una gran noticia para Chile y un compromiso cumplido de este gobierno, \u201crepresentando adem\u00e1s un tremendo aporte para el futuro, especialmente para la agricultura, reconociendo la importancia de la mujer en el agro e incorporando tecnolog\u00edas para avanzar en un desarrollo sostenible. Contar con informaci\u00f3n oportuna es fundamental para la toma de decisiones que guiar\u00e1n las pol\u00edticas p\u00fablicas para el desarrollo del mundo rural, agr\u00edcola y forestal, estamos sin duda frente a un gran hito para Chile\u201d.&nbsp;<\/p>\n","protected":false},"excerpt":{"rendered":"<p>El Ministerio de Econom\u00eda y de Agricultura, a trav\u00e9s del INE y Odepa, respectivamente, dieron a conocer los resultados preliminares del VIII Censo Nacional Agropecuario y Forestal,&nbsp;la fuente m\u00e1s importante&#8230; <a class=\"read-more\" href=\"https:\/\/www.radiopresidenteibanez.cl\/web\/resultados-del-censo-nacional-agropecuario-y-forestal-revelan-que-la-ganaderia-cultivos-y-frutales-son-los-principales-fuentes-de-ingresos-para-los-productores\/\">Leer m\u00e1s<\/a><\/p>\n","protected":false},"author":2,"featured_media":27114,"comment_status":"closed","ping_status":"closed","sticky":false,"template":"","format":"standard","meta":{"footnotes":""},"categories":[1],"tags":[],"class_list":["post-27113","post","type-post","status-publish","format-standard","has-post-thumbnail","hentry","category-cronica"],"_links":{"self":[{"href":"https:\/\/www.radiopresidenteibanez.cl\/web\/wp-json\/wp\/v2\/posts\/27113","targetHints":{"allow":["GET"]}}],"collection":[{"href":"https:\/\/www.radiopresidenteibanez.cl\/web\/wp-json\/wp\/v2\/posts"}],"about":[{"href":"https:\/\/www.radiopresidenteibanez.cl\/web\/wp-json\/wp\/v2\/types\/post"}],"author":[{"embeddable":true,"href":"https:\/\/www.radiopresidenteibanez.cl\/web\/wp-json\/wp\/v2\/users\/2"}],"replies":[{"embeddable":true,"href":"https:\/\/www.radiopresidenteibanez.cl\/web\/wp-json\/wp\/v2\/comments?post=27113"}],"version-history":[{"count":0,"href":"https:\/\/www.radiopresidenteibanez.cl\/web\/wp-json\/wp\/v2\/posts\/27113\/revisions"}],"wp:featuredmedia":[{"embeddable":true,"href":"https:\/\/www.radiopresidenteibanez.cl\/web\/wp-json\/wp\/v2\/media\/27114"}],"wp:attachment":[{"href":"https:\/\/www.radiopresidenteibanez.cl\/web\/wp-json\/wp\/v2\/media?parent=27113"}],"wp:term":[{"taxonomy":"category","embeddable":true,"href":"https:\/\/www.radiopresidenteibanez.cl\/web\/wp-json\/wp\/v2\/categories?post=27113"},{"taxonomy":"post_tag","embeddable":true,"href":"https:\/\/www.radiopresidenteibanez.cl\/web\/wp-json\/wp\/v2\/tags?post=27113"}],"curies":[{"name":"wp","href":"https:\/\/api.w.org\/{rel}","templated":true}]}}