{"id":27092,"date":"2022-01-26T13:43:38","date_gmt":"2022-01-26T16:43:38","guid":{"rendered":"https:\/\/www.radiopresidenteibanez.cl\/web\/?p=27092"},"modified":"2022-01-25T22:06:39","modified_gmt":"2022-01-26T01:06:39","slug":"comprendiendo-los-sitemas-biologicos-terrestres-de-la-antartica-en-un-clima-cambiante","status":"publish","type":"post","link":"https:\/\/www.radiopresidenteibanez.cl\/web\/comprendiendo-los-sitemas-biologicos-terrestres-de-la-antartica-en-un-clima-cambiante\/","title":{"rendered":"COMPRENDIENDO LOS SITEMAS BIOL\u00d3GICOS TERRESTRES DE LA ANT\u00c1RTICA EN UN CLIMA CAMBIANTE"},"content":{"rendered":"\n<p>El cambio clim\u00e1tico es el mayor reto al que se enfrentan las especies y las comunidades ecol\u00f3gicas en este siglo. A medida que las concentraciones de gases de efecto invernadero siguen aumentando, se prev\u00e9 que las comunidades de las regiones polares se vean gravemente afectadas por el aumento de la temperatura (Goosse et al., 2018). La pen\u00ednsula Ant\u00e1rtica y las islas subant\u00e1rticas ya han experimentado cambios a gran escala en el medioambiente, como el retroceso de los glaciares (Cook et al., 2016), fen\u00f3menos meteorol\u00f3gicos extremos y an\u00f3malos (Robinson et al., 2020) y cambios en la distribuci\u00f3n del hielo marino (Hobbs et al., 2016).<\/p>\n\n\n\n<p>El cambio en la Ant\u00e1rtica ha sido muy regional. En la \u00faltima mitad del siglo XX, el calentamiento de la superficie en partes de la pen\u00ednsula Ant\u00e1rtica y la Ant\u00e1rtica Occidental fue uno de los m\u00e1s r\u00e1pidos del planeta (Turner et al., 2005; Turner et al., 2014; Turner et al., 2016). Aunque la Ant\u00e1rtica Oriental no ha experimentado las tendencias de calentamiento a largo plazo observadas en el oeste, otros factores clim\u00e1ticos, como vientos m\u00e1s fuertes y modificaci\u00f3n en el r\u00e9gimen de precipitaciones, hacen que las comunidades ecol\u00f3gicas de esta regi\u00f3n experimenten sequ\u00edas (Robinson et al., 2018).<\/p>\n\n\n\n<p>En la Pen\u00ednsula, el r\u00e1pido calentamiento puede alterar las comunidades biol\u00f3gicas y aumentar el riesgo de establecimiento de especies invasoras, ya que la tasa de introducci\u00f3n de especies no nativas supera la colonizaci\u00f3n natural en la Ant\u00e1rtica (Siegert et al., 2019). Se espera que la tendencia al \u201creverdecimiento\u201d de la Pen\u00ednsula contin\u00fae a medida que el hielo retroceda y las comunidades de plantas vasculares y musgos nativos sigan expandi\u00e9ndose (Siegert et al., 2019).<\/p>\n\n\n\n<p>La disponibilidad de agua es un factor limitante importante en las comunidades ant\u00e1rticas; la presencia o ausencia de este recurso clave impulsa la estructura y la funci\u00f3n de la comunidad.<\/p>\n\n\n\n<p>La biodiversidad terrestre se limita en gran medida a los refugios libres de hielo a lo largo de la costa del continente (Terauds &amp; Lee, 2016). La dureza del ecosistema restringe los residentes permanentes a organismos m\u00e1s peque\u00f1os y resistentes, como bri\u00f3fitas, l\u00edquenes, invertebrados y microinvertebrados, as\u00ed como microbios y hongos (Convey et al., 2014).<\/p>\n\n\n\n<p>A pesar de la variaci\u00f3n regional del cambio clim\u00e1tico en la Ant\u00e1rtica, los factores clim\u00e1ticos que favorecen o restringen la disponibilidad de agua pueden modificar la distribuci\u00f3n de las especies y la estructura de la comunidad en toda la Ant\u00e1rtica.<\/p>\n\n\n\n<p>Las condiciones m\u00e1s h\u00famedas y c\u00e1lidas del oeste promueven el crecimiento de la vegetaci\u00f3n, favoreciendo a las especies vasculares, como la invasora Poa annua, frente a las plantas end\u00e9micas (Deschampsia antarctica, Colobanthus quitensis y bri\u00f3fitas) (Frenot et al., 2005; Duffy et al., 2017).<\/p>\n\n\n\n<p>En el este, sin embargo, el aumento de los vientos ha potenciado la desecaci\u00f3n y ha reducido el deshielo, disminuyendo el agua disponible para los lechos de musgo y los l\u00edquenes de la regi\u00f3n (Robinson et al., 2018). Esto ha provocado un r\u00e1pido cambio en la composici\u00f3n de la comunidad, pasando de las especies de musgo que prefieren los h\u00e1bitats h\u00famedos a las que toleran condiciones m\u00e1s secas (Robinson et al., 2018).<\/p>\n\n\n\n<p>La modificaci\u00f3n de los reg\u00edmenes h\u00eddricos en la isla subant\u00e1rtica de Macquarie tambi\u00e9n se ha atribuido al r\u00e1pido retroceso de la planta en coj\u00edn Azorella macquariensis, ahora en peligro cr\u00edtico (Bergstrom et al., 2015).<\/p>\n\n\n\n<p>Estos ejemplos ilustran c\u00f3mo las tendencias a largo plazo de los cambios de r\u00e9gimen clim\u00e1tico ya est\u00e1n remodelando las comunidades terrestres ant\u00e1rticas (Bergstrom et al. 2021), sin embargo, lo que es m\u00e1s dif\u00edcil de captar son los efectos que los eventos clim\u00e1ticos extremos pueden tener en los fr\u00e1giles ecosistemas de la Ant\u00e1rtica.<\/p>\n\n\n\n<p>Los fen\u00f3menos clim\u00e1ticos extremos, como las olas de calor, pueden poner a las comunidades ecol\u00f3gicas al borde de sus l\u00edmites fisiol\u00f3gicos. Tales eventos pueden tener impactos considerables en las especies, pero su naturaleza estoc\u00e1stica significa que sus efectos son m\u00e1s dif\u00edciles de documentar.<\/p>\n","protected":false},"excerpt":{"rendered":"<p>El cambio clim\u00e1tico es el mayor reto al que se enfrentan las especies y las comunidades ecol\u00f3gicas en este siglo. A medida que las concentraciones de gases de efecto invernadero&#8230; <a class=\"read-more\" href=\"https:\/\/www.radiopresidenteibanez.cl\/web\/comprendiendo-los-sitemas-biologicos-terrestres-de-la-antartica-en-un-clima-cambiante\/\">Leer m\u00e1s<\/a><\/p>\n","protected":false},"author":2,"featured_media":27093,"comment_status":"closed","ping_status":"closed","sticky":false,"template":"","format":"standard","meta":{"footnotes":""},"categories":[1],"tags":[],"class_list":["post-27092","post","type-post","status-publish","format-standard","has-post-thumbnail","hentry","category-cronica"],"_links":{"self":[{"href":"https:\/\/www.radiopresidenteibanez.cl\/web\/wp-json\/wp\/v2\/posts\/27092","targetHints":{"allow":["GET"]}}],"collection":[{"href":"https:\/\/www.radiopresidenteibanez.cl\/web\/wp-json\/wp\/v2\/posts"}],"about":[{"href":"https:\/\/www.radiopresidenteibanez.cl\/web\/wp-json\/wp\/v2\/types\/post"}],"author":[{"embeddable":true,"href":"https:\/\/www.radiopresidenteibanez.cl\/web\/wp-json\/wp\/v2\/users\/2"}],"replies":[{"embeddable":true,"href":"https:\/\/www.radiopresidenteibanez.cl\/web\/wp-json\/wp\/v2\/comments?post=27092"}],"version-history":[{"count":0,"href":"https:\/\/www.radiopresidenteibanez.cl\/web\/wp-json\/wp\/v2\/posts\/27092\/revisions"}],"wp:featuredmedia":[{"embeddable":true,"href":"https:\/\/www.radiopresidenteibanez.cl\/web\/wp-json\/wp\/v2\/media\/27093"}],"wp:attachment":[{"href":"https:\/\/www.radiopresidenteibanez.cl\/web\/wp-json\/wp\/v2\/media?parent=27092"}],"wp:term":[{"taxonomy":"category","embeddable":true,"href":"https:\/\/www.radiopresidenteibanez.cl\/web\/wp-json\/wp\/v2\/categories?post=27092"},{"taxonomy":"post_tag","embeddable":true,"href":"https:\/\/www.radiopresidenteibanez.cl\/web\/wp-json\/wp\/v2\/tags?post=27092"}],"curies":[{"name":"wp","href":"https:\/\/api.w.org\/{rel}","templated":true}]}}