{"id":2709,"date":"2019-03-27T00:03:07","date_gmt":"2019-03-27T00:03:07","guid":{"rendered":"http:\/\/www.radiopresidenteibanez.cl\/web\/?p=2709"},"modified":"2019-03-27T00:03:40","modified_gmt":"2019-03-27T00:03:40","slug":"interna-de-la-carcel-de-punta-arenas-intento-fugarse-durante-horas-de-la-tarde","status":"publish","type":"post","link":"https:\/\/www.radiopresidenteibanez.cl\/web\/interna-de-la-carcel-de-punta-arenas-intento-fugarse-durante-horas-de-la-tarde\/","title":{"rendered":"INTERNA DE LA C\u00c1RCEL DE PUNTA ARENAS INTENT\u00d3 FUGARSE DURANTE HORAS DE LA TARDE"},"content":{"rendered":"\n<p>Saltando un muro de 3 metros de altura una interna del\ncentro penitenciario de Punta Arenas, intento fugarse pasadas las 14:30 horas\nde este martes, en la oportunidad el r\u00e1pido accionar de Gendarmer\u00eda logr\u00f3 frustrar\ndicha situaci\u00f3n.<\/p>\n\n\n\n<p>La interna fue trasladada hasta las dependencias de\nenfermer\u00eda en el lugar para constatar lesiones, en la cual solo tuvo lesiones\nde car\u00e1cter leves, cabe mencionar que al saltar dicho muro burl\u00f3 tan solo el\nprimer anillo de seguridad de la c\u00e1rcel de la ciudad capital de Magallanes.<\/p>\n","protected":false},"excerpt":{"rendered":"<p>Saltando un muro de 3 metros de altura una interna del centro penitenciario de Punta Arenas, intento fugarse pasadas las 14:30 horas de este martes, en la oportunidad el r\u00e1pido&#8230; <a class=\"read-more\" href=\"https:\/\/www.radiopresidenteibanez.cl\/web\/interna-de-la-carcel-de-punta-arenas-intento-fugarse-durante-horas-de-la-tarde\/\">Leer m\u00e1s<\/a><\/p>\n","protected":false},"author":2,"featured_media":740,"comment_status":"closed","ping_status":"closed","sticky":false,"template":"","format":"standard","meta":{"footnotes":""},"categories":[1,6],"tags":[],"class_list":["post-2709","post","type-post","status-publish","format-standard","has-post-thumbnail","hentry","category-cronica","category-policial"],"_links":{"self":[{"href":"https:\/\/www.radiopresidenteibanez.cl\/web\/wp-json\/wp\/v2\/posts\/2709","targetHints":{"allow":["GET"]}}],"collection":[{"href":"https:\/\/www.radiopresidenteibanez.cl\/web\/wp-json\/wp\/v2\/posts"}],"about":[{"href":"https:\/\/www.radiopresidenteibanez.cl\/web\/wp-json\/wp\/v2\/types\/post"}],"author":[{"embeddable":true,"href":"https:\/\/www.radiopresidenteibanez.cl\/web\/wp-json\/wp\/v2\/users\/2"}],"replies":[{"embeddable":true,"href":"https:\/\/www.radiopresidenteibanez.cl\/web\/wp-json\/wp\/v2\/comments?post=2709"}],"version-history":[{"count":0,"href":"https:\/\/www.radiopresidenteibanez.cl\/web\/wp-json\/wp\/v2\/posts\/2709\/revisions"}],"wp:featuredmedia":[{"embeddable":true,"href":"https:\/\/www.radiopresidenteibanez.cl\/web\/wp-json\/wp\/v2\/media\/740"}],"wp:attachment":[{"href":"https:\/\/www.radiopresidenteibanez.cl\/web\/wp-json\/wp\/v2\/media?parent=2709"}],"wp:term":[{"taxonomy":"category","embeddable":true,"href":"https:\/\/www.radiopresidenteibanez.cl\/web\/wp-json\/wp\/v2\/categories?post=2709"},{"taxonomy":"post_tag","embeddable":true,"href":"https:\/\/www.radiopresidenteibanez.cl\/web\/wp-json\/wp\/v2\/tags?post=2709"}],"curies":[{"name":"wp","href":"https:\/\/api.w.org\/{rel}","templated":true}]}}