{"id":27086,"date":"2022-01-26T11:17:18","date_gmt":"2022-01-26T14:17:18","guid":{"rendered":"https:\/\/www.radiopresidenteibanez.cl\/web\/?p=27086"},"modified":"2022-01-25T21:43:06","modified_gmt":"2022-01-26T00:43:06","slug":"villa-ukika-con-un-315-de-ahorro-en-consumos-energeticos-cerro-nueva-capacitacion-del-programa-vivo-eficiente","status":"publish","type":"post","link":"https:\/\/www.radiopresidenteibanez.cl\/web\/villa-ukika-con-un-315-de-ahorro-en-consumos-energeticos-cerro-nueva-capacitacion-del-programa-vivo-eficiente\/","title":{"rendered":"VILLA UKIKA: CON UN 31,5% DE AHORRO EN CONSUMOS ENERG\u00c9TICOS CERR\u00d3 NUEVA CAPACITACI\u00d3N DEL PROGRAMA \u201cVIVO EFICIENTE\u201d"},"content":{"rendered":"\n<p>Un nuevo hito registr\u00f3 el programa para la\neducaci\u00f3n energ\u00e9tica en el hogar, Vivo Eficiente, luego de culminar su trabajo\ncon 34 familias de la comuna de Cabo de Hornos. <\/p>\n\n\n\n<p>La capacitaci\u00f3n -que dura poco m\u00e1s de un\nmes- incluy\u00f3 a vecinos y familias de Villa Ukika, quienes lograron, al igual\nque en Torres del Paine, Renoval y Dorotea, bajar significativamente sus\nconsumos sin ver afectado ni su confort lum\u00ednico ni el t\u00e9rmico. <\/p>\n\n\n\n<p><strong>COBERTURA<\/strong><\/p>\n\n\n\n<p>Los positivos resultados y levantamiento\nde informaci\u00f3n obtenida tras la intervenci\u00f3n fueron destacados por el Seremi de\nEnerg\u00eda de Magallanes y de la Ant\u00e1rtica Chilena, V\u00edctor Fern\u00e1ndez Salinas,\nquien tambi\u00e9n alab\u00f3 la cobertura del programa y el compromiso de los vecinos\npara mejorar sus conductas de consumo energ\u00e9tico. <\/p>\n\n\n\n<p>\u201cEstamos muy contentos con los positivos\nefectos que est\u00e1n consiguiendo las familias participantes del programa para la\neducaci\u00f3n energ\u00e9tica en el hogar, Vivo Eficiente. Gracias a ello, hemos visto\ndisminuciones significativas en las cuentas de sus servicios b\u00e1sicos que\nsuperan los 4 mil pesos mensuales (31,5%) para el caso de la electricidad; este\nahorro significa una disminuci\u00f3n de 309 kg de CO2eq\/a\u00f1o, por lo cual, tambi\u00e9n\nse est\u00e1 ayudando a combatir el cambio clim\u00e1tico\u201d, cont\u00f3. <\/p>\n\n\n\n<p>Fern\u00e1ndez Salinas a\u00f1adi\u00f3 que como\nMinisterio de Energ\u00eda tienen claro que para generar cambios importantes en\nnuestros h\u00e1bitos energ\u00e9ticos se requiere compromiso, voluntad y capacidad de\ntrabajo adecuada al contexto, \u201ctres pilares que el programa Vivo Eficiente ha\nsabido integrar en sus intervenciones y din\u00e1micas con las que se relaciona\ndid\u00e1cticamente con las familias para obtener los logros que estamos\nconsiguiendo\u201d. <\/p>\n\n\n\n<p>La autoridad regional de Energ\u00eda aprovech\u00f3\nla ocasi\u00f3n para resaltar la alianza entre el Gobierno Regional, la Delegaci\u00f3n\nPresidencial Provincial, la Agencia de Sostenibilidad Energ\u00e9tica, el municipio\nde Cabo de Hornos y la Pontificia Universidad Cat\u00f3lica de Valpara\u00edso. <\/p>\n","protected":false},"excerpt":{"rendered":"<p>Un nuevo hito registr\u00f3 el programa para la educaci\u00f3n energ\u00e9tica en el hogar, Vivo Eficiente, luego de culminar su trabajo con 34 familias de la comuna de Cabo de Hornos&#8230;. <a class=\"read-more\" href=\"https:\/\/www.radiopresidenteibanez.cl\/web\/villa-ukika-con-un-315-de-ahorro-en-consumos-energeticos-cerro-nueva-capacitacion-del-programa-vivo-eficiente\/\">Leer m\u00e1s<\/a><\/p>\n","protected":false},"author":2,"featured_media":27087,"comment_status":"closed","ping_status":"closed","sticky":false,"template":"","format":"standard","meta":{"footnotes":""},"categories":[1],"tags":[],"class_list":["post-27086","post","type-post","status-publish","format-standard","has-post-thumbnail","hentry","category-cronica"],"_links":{"self":[{"href":"https:\/\/www.radiopresidenteibanez.cl\/web\/wp-json\/wp\/v2\/posts\/27086","targetHints":{"allow":["GET"]}}],"collection":[{"href":"https:\/\/www.radiopresidenteibanez.cl\/web\/wp-json\/wp\/v2\/posts"}],"about":[{"href":"https:\/\/www.radiopresidenteibanez.cl\/web\/wp-json\/wp\/v2\/types\/post"}],"author":[{"embeddable":true,"href":"https:\/\/www.radiopresidenteibanez.cl\/web\/wp-json\/wp\/v2\/users\/2"}],"replies":[{"embeddable":true,"href":"https:\/\/www.radiopresidenteibanez.cl\/web\/wp-json\/wp\/v2\/comments?post=27086"}],"version-history":[{"count":0,"href":"https:\/\/www.radiopresidenteibanez.cl\/web\/wp-json\/wp\/v2\/posts\/27086\/revisions"}],"wp:featuredmedia":[{"embeddable":true,"href":"https:\/\/www.radiopresidenteibanez.cl\/web\/wp-json\/wp\/v2\/media\/27087"}],"wp:attachment":[{"href":"https:\/\/www.radiopresidenteibanez.cl\/web\/wp-json\/wp\/v2\/media?parent=27086"}],"wp:term":[{"taxonomy":"category","embeddable":true,"href":"https:\/\/www.radiopresidenteibanez.cl\/web\/wp-json\/wp\/v2\/categories?post=27086"},{"taxonomy":"post_tag","embeddable":true,"href":"https:\/\/www.radiopresidenteibanez.cl\/web\/wp-json\/wp\/v2\/tags?post=27086"}],"curies":[{"name":"wp","href":"https:\/\/api.w.org\/{rel}","templated":true}]}}