{"id":2702,"date":"2019-03-26T23:47:14","date_gmt":"2019-03-26T23:47:14","guid":{"rendered":"http:\/\/www.radiopresidenteibanez.cl\/web\/?p=2702"},"modified":"2019-03-26T23:47:54","modified_gmt":"2019-03-26T23:47:54","slug":"480-personas-llegaron-a-primera-feria-de-empleo-del-ano-en-punta-arenas","status":"publish","type":"post","link":"https:\/\/www.radiopresidenteibanez.cl\/web\/480-personas-llegaron-a-primera-feria-de-empleo-del-ano-en-punta-arenas\/","title":{"rendered":"480 PERSONAS LLEGARON A PRIMERA FERIA DE EMPLEO DEL A\u00d1O EN PUNTA ARENAS"},"content":{"rendered":"\n<p>Con la presencia del director del Servicio Nacional de\nCapacitaci\u00f3n y Empleo (Sence), Juan Manuel Santacruz, de visita en la regi\u00f3n de\nMagallanes, se desarroll\u00f3 la primera \u201cmicro\u201d Feria de Empleo de este a\u00f1o en\nPunta Arenas, que finaliz\u00f3 con 480 antecedentes recepcionados de personas en\nbusca de un nuevo trabajo.<\/p>\n\n\n\n<p>La autoridad nacional valor\u00f3 esta instancia que forma parte\nde las prioridades del gobierno actual para ser un canal eficiente entre la\noferta y demanda de empleos en las regiones. \u201cEl empleo es esencial para\nnuestro gobierno, es una materia del programa de gobierno del Presidente\nSebasti\u00e1n Pi\u00f1era, ha sido una agenda de trabajo para el ministro Nicol\u00e1s\nMonckeberg y en ese contexto es que durante el primer a\u00f1o de gobierno, el\nPresidente junto al ministro lanzaron el Plan Nacional de Ferias que lo que\nhace es recorrer Chile, donde generamos puntos de encuentro en que buscamos\nempresas que tengan puestos de trabajo y las contactamos con personas que est\u00e1n\nbuscando empleo. Por lo tanto lo que ocurre aqu\u00ed es muy sencillo, empresas que\nest\u00e1n buscando gente y personas que quieren pega\u201d, declar\u00f3 Santacruz,\nrecalcando que esta feria se coron\u00f3 como la primera feria f\u00edsica de este 2019\nen todo el pa\u00eds.<\/p>\n\n\n\n<p>Tras obtener la informaci\u00f3n concreta de parte de los\nprofesionales de Sence Magallanes, encargados, junto a la administraci\u00f3n de\nZona Austral y la Oficina Municipal de Intermediaci\u00f3n Laboral (Omil) de Punta\nArenas, de la organizaci\u00f3n de esta instancia, la Seremi del Trabajo, Victoria\nCort\u00e9s Schiattino explic\u00f3 el objetivo y formato de estos eventos.<\/p>\n\n\n\n<p>En sus palabras, \u201cse trat\u00f3 de nuestra primera Feria Laboral\nde este 2019, en la que logramos un total de casi 200 vacantes de trabajo a\ntrav\u00e9s de la Omil y de otras empresas que amablemente quisieron participar de\nesta actividad. Se recepcionaron una gran cantidad de curriculum lo que\nsignifica que, si bien nuestra tasa de desempleo se ha mantenido baja, tenemos\nuna cantidad no menor de personas que est\u00e1 en la b\u00fasqueda de empleo y, por\ntanto, a esas personas y a otorgarles nuevas oportunidades est\u00e1n dirigidos\nnuestros esfuerzos con el programa de ferias laborales que realizaremos este\na\u00f1o\u201d.<\/p>\n\n\n\n<p>De acuerdo al programa comprometido por la cartera del\nTrabajo en la zona, este a\u00f1o, se deber\u00edan realizar, a lo menos, tres ferias\nlaborales, buscando con ello concretar un m\u00ednimo de mil nuevos puestos de\ntrabajo para la zona, lo que se ha transformado en un desaf\u00edo para el\nministerio a nivel local.<\/p>\n\n\n\n<p>Junto con las empresas que participaron del encuentro,\ndurante el evento, el stand de Sence puso a disposici\u00f3n de los visitantes toda\nla oferta program\u00e1tica del servicio, entre los que se cuentan los cursos de\ncapacitaci\u00f3n que pudiesen requerir las personas en busca de trabajo, los\nprogramas de subsidio al empleo y el apoyo para el dise\u00f1o del curriculum, en\ncaso que no sepan hacerlo o la impresi\u00f3n de sus antecedentes, convirti\u00e9ndose\nas\u00ed en un apoyo esencial para los visitantes de la feria.<\/p>\n\n\n\n<p>Acompa\u00f1ando el evento, estuvieron presentes, el gobernador\nprovincial de Magallanes, Homero Villegas; la Seremi de Gobierno, Alejandra\nMu\u00f1oz; la Seremi de Hacienda, Lil Garc\u00e9s; y el director regional del Instituto\nde Seguridad Laboral (ISL), Marcelo Trivi\u00f1o. <\/p>\n\n\n\n<p>Adem\u00e1s de los representantes de la administraci\u00f3n de Zona Franca, Jorge Melo y Oscar Sanhueza y el presidente de la C\u00e1mara Franca, Luis Lepori, quienes hicieron posible la realizaci\u00f3n de este evento.<\/p>\n\n\n\n<figure class=\"wp-block-image\"><img loading=\"lazy\" decoding=\"async\" width=\"1024\" height=\"768\" src=\"https:\/\/www.radiopresidenteibanez.cl\/web\/wp-content\/uploads\/2019\/03\/IMG_003-1-1024x768.jpg\" alt=\"\" class=\"wp-image-2703\" srcset=\"https:\/\/www.radiopresidenteibanez.cl\/web\/wp-content\/uploads\/2019\/03\/IMG_003-1.jpg 1024w, https:\/\/www.radiopresidenteibanez.cl\/web\/wp-content\/uploads\/2019\/03\/IMG_003-1-300x225.jpg 300w, https:\/\/www.radiopresidenteibanez.cl\/web\/wp-content\/uploads\/2019\/03\/IMG_003-1-768x576.jpg 768w\" sizes=\"auto, (max-width: 1024px) 100vw, 1024px\" \/><\/figure>\n","protected":false},"excerpt":{"rendered":"<p>Con la presencia del director del Servicio Nacional de Capacitaci\u00f3n y Empleo (Sence), Juan Manuel Santacruz, de visita en la regi\u00f3n de Magallanes, se desarroll\u00f3 la primera \u201cmicro\u201d Feria de&#8230; <a class=\"read-more\" href=\"https:\/\/www.radiopresidenteibanez.cl\/web\/480-personas-llegaron-a-primera-feria-de-empleo-del-ano-en-punta-arenas\/\">Leer m\u00e1s<\/a><\/p>\n","protected":false},"author":2,"featured_media":2703,"comment_status":"closed","ping_status":"closed","sticky":false,"template":"","format":"standard","meta":{"footnotes":""},"categories":[1],"tags":[],"class_list":["post-2702","post","type-post","status-publish","format-standard","has-post-thumbnail","hentry","category-cronica"],"_links":{"self":[{"href":"https:\/\/www.radiopresidenteibanez.cl\/web\/wp-json\/wp\/v2\/posts\/2702","targetHints":{"allow":["GET"]}}],"collection":[{"href":"https:\/\/www.radiopresidenteibanez.cl\/web\/wp-json\/wp\/v2\/posts"}],"about":[{"href":"https:\/\/www.radiopresidenteibanez.cl\/web\/wp-json\/wp\/v2\/types\/post"}],"author":[{"embeddable":true,"href":"https:\/\/www.radiopresidenteibanez.cl\/web\/wp-json\/wp\/v2\/users\/2"}],"replies":[{"embeddable":true,"href":"https:\/\/www.radiopresidenteibanez.cl\/web\/wp-json\/wp\/v2\/comments?post=2702"}],"version-history":[{"count":0,"href":"https:\/\/www.radiopresidenteibanez.cl\/web\/wp-json\/wp\/v2\/posts\/2702\/revisions"}],"wp:featuredmedia":[{"embeddable":true,"href":"https:\/\/www.radiopresidenteibanez.cl\/web\/wp-json\/wp\/v2\/media\/2703"}],"wp:attachment":[{"href":"https:\/\/www.radiopresidenteibanez.cl\/web\/wp-json\/wp\/v2\/media?parent=2702"}],"wp:term":[{"taxonomy":"category","embeddable":true,"href":"https:\/\/www.radiopresidenteibanez.cl\/web\/wp-json\/wp\/v2\/categories?post=2702"},{"taxonomy":"post_tag","embeddable":true,"href":"https:\/\/www.radiopresidenteibanez.cl\/web\/wp-json\/wp\/v2\/tags?post=2702"}],"curies":[{"name":"wp","href":"https:\/\/api.w.org\/{rel}","templated":true}]}}