{"id":27006,"date":"2022-01-21T12:43:32","date_gmt":"2022-01-21T15:43:32","guid":{"rendered":"https:\/\/www.radiopresidenteibanez.cl\/web\/?p=27006"},"modified":"2022-01-20T22:00:50","modified_gmt":"2022-01-21T01:00:50","slug":"area-social-del-hospital-de-natales-entrego-folleteria-informativa-a-la-comunidad-sobre-proceso-de-reeleccion-de-la-directiva","status":"publish","type":"post","link":"https:\/\/www.radiopresidenteibanez.cl\/web\/area-social-del-hospital-de-natales-entrego-folleteria-informativa-a-la-comunidad-sobre-proceso-de-reeleccion-de-la-directiva\/","title":{"rendered":"\u00c1REA SOCIAL DEL HOSPITAL DE NATALES ENTREG\u00d3 FOLLETER\u00cdA INFORMATIVA A LA COMUNIDAD SOBRE PROCESO DE REELECCI\u00d3N DE LA DIRECTIVA"},"content":{"rendered":"\n<p>Con la finalidad de dar a conocer a la comunidad sobre\nel proceso de reelecci\u00f3n del Consejo Consultivo del Hospital de Natales, el\n\u00e1rea social del establecimiento asistencial, llev\u00f3 a cabo una jornada de\ndistribuci\u00f3n de folleter\u00eda informativa en el centro de la ciudad de Puerto\nNatales. Lo anterior, con objeto de informar a los usuarios de la red y\ncomunidad en general, acerca del funcionamiento del Consejo Consultivo y de quienes\ny c\u00f3mo podr\u00e1n participar en el proceso de reelecci\u00f3n de la directiva.<\/p>\n\n\n\n<p><strong><em>\u00bfQu\u00e9 es el Consejo Consultivo?<\/em><\/strong><\/p>\n\n\n\n<p>El Consejo Consultivo de Salud del Hospital Dr.\nAugusto Essmann Burgos de Puerto Natales, es una instancia de participaci\u00f3n\nciudadana que busca generar v\u00ednculos de cooperaci\u00f3n entre el Hospital y su\ncomunidad, con la finalidad de gestionar propuestas e iniciativas en el \u00e1mbito\nde la salud asistencial, contribuyendo as\u00ed al fortalecimiento de las relaciones\nsociales, comunitarias y organizacionales.<\/p>\n\n\n\n<p><strong><em>\u00bfC\u00f3mo participar?<\/em><\/strong><\/p>\n\n\n\n<p>Las organizaciones interesadas en participar del Consejo Consultivo de los Usuarios, &nbsp;deber\u00e1n enviar\nuna carta de intencionalidad dirigida\nal Consejo Consultivo de Usuarios del Hospital de Dr.\nAugusto Essmann Burgos, solicitando su ingreso y cu\u00e1l es su aporte en temas de\nsalud a su organizaci\u00f3n.<\/p>\n\n\n\n<p>En el documento se deben nominar\ncon nombres, RUN, tel\u00e9fonos de contacto y domicilios a &nbsp;&nbsp;un representante de esa organizaci\u00f3n en calidad de titular y un suplente,\nambas personas &nbsp;mayores de dieciocho a\u00f1os.<\/p>\n\n\n\n<p>Esta solicitud ser\u00e1 presentada en reuni\u00f3n ordinaria del\nConsejo Consultivo y sometida aprobaci\u00f3n de la asamblea, procediendo directiva y\/o representantes del CCU a responder\n&nbsp;&nbsp;&nbsp;&nbsp;&nbsp;&nbsp;&nbsp;&nbsp;&nbsp;por escrito\nla decisi\u00f3n tomada.<\/p>\n\n\n\n<p>Si es aprobado su ingreso se le solicitar\u00e1 que designen por escrito miembros\nde la directiva &nbsp;&nbsp;&nbsp;&nbsp;&nbsp;&nbsp;&nbsp;&nbsp;&nbsp;&nbsp;&nbsp;&nbsp;&nbsp;&nbsp;&nbsp;&nbsp;&nbsp;&nbsp;&nbsp;&nbsp;&nbsp;&nbsp;&nbsp;&nbsp;&nbsp;&nbsp;&nbsp;&nbsp;&nbsp;&nbsp;&nbsp;&nbsp;&nbsp;&nbsp;&nbsp;&nbsp;&nbsp;&nbsp;&nbsp;&nbsp;&nbsp;&nbsp;&nbsp;&nbsp;&nbsp;&nbsp;&nbsp;&nbsp;&nbsp;&nbsp;&nbsp;&nbsp;&nbsp;&nbsp;&nbsp;&nbsp;&nbsp;&nbsp;&nbsp;&nbsp;&nbsp;&nbsp;&nbsp;&nbsp;&nbsp;&nbsp;&nbsp;&nbsp;&nbsp;&nbsp;que\nrepresentar\u00e1 a su organizaci\u00f3n en el Consejo Consultivo de los Usuarios.<\/p>\n\n\n\n<p><strong><em>\u00bfQui\u00e9nes podr\u00e1n\nparticipar del Consejo Consultivo?<\/em><\/strong><\/p>\n\n\n\n<ul class=\"wp-block-list\"><li>Representantes de la comunidad, dirigentes sociales ligados\nal \u00e1rea de salud, o alguna organizaci\u00f3n que aborde temas espec\u00edficos de salud.<\/li><\/ul>\n\n\n\n<ul class=\"wp-block-list\"><li>Representantes de los trabajadores (gremios de salud del hospital)<\/li><\/ul>\n\n\n\n<ul class=\"wp-block-list\"><li>Personas mayores\nde 18 a\u00f1os<\/li><\/ul>\n\n\n\n<ul class=\"wp-block-list\"><li>Quienes est\u00e9n inscritos en el libro de socios,\nproceso que debe ser realizado\npor la secretaria &nbsp;&nbsp;del CCU, la cual debe acreditar\nlos requisitos con la c\u00e9dula de identidad.<\/li><\/ul>\n\n\n\n<p>Cabe destacar que\nlas elecciones se llevar\u00e1n a cabo la segunda quincena de marzo del presente\na\u00f1o, con fecha a definir prontamente por la directiva del actual Consejo\nConsultivo.<\/p>\n","protected":false},"excerpt":{"rendered":"<p>Con la finalidad de dar a conocer a la comunidad sobre el proceso de reelecci\u00f3n del Consejo Consultivo del Hospital de Natales, el \u00e1rea social del establecimiento asistencial, llev\u00f3 a&#8230; <a class=\"read-more\" href=\"https:\/\/www.radiopresidenteibanez.cl\/web\/area-social-del-hospital-de-natales-entrego-folleteria-informativa-a-la-comunidad-sobre-proceso-de-reeleccion-de-la-directiva\/\">Leer m\u00e1s<\/a><\/p>\n","protected":false},"author":2,"featured_media":27007,"comment_status":"closed","ping_status":"closed","sticky":false,"template":"","format":"standard","meta":{"footnotes":""},"categories":[1],"tags":[],"class_list":["post-27006","post","type-post","status-publish","format-standard","has-post-thumbnail","hentry","category-cronica"],"_links":{"self":[{"href":"https:\/\/www.radiopresidenteibanez.cl\/web\/wp-json\/wp\/v2\/posts\/27006","targetHints":{"allow":["GET"]}}],"collection":[{"href":"https:\/\/www.radiopresidenteibanez.cl\/web\/wp-json\/wp\/v2\/posts"}],"about":[{"href":"https:\/\/www.radiopresidenteibanez.cl\/web\/wp-json\/wp\/v2\/types\/post"}],"author":[{"embeddable":true,"href":"https:\/\/www.radiopresidenteibanez.cl\/web\/wp-json\/wp\/v2\/users\/2"}],"replies":[{"embeddable":true,"href":"https:\/\/www.radiopresidenteibanez.cl\/web\/wp-json\/wp\/v2\/comments?post=27006"}],"version-history":[{"count":0,"href":"https:\/\/www.radiopresidenteibanez.cl\/web\/wp-json\/wp\/v2\/posts\/27006\/revisions"}],"wp:featuredmedia":[{"embeddable":true,"href":"https:\/\/www.radiopresidenteibanez.cl\/web\/wp-json\/wp\/v2\/media\/27007"}],"wp:attachment":[{"href":"https:\/\/www.radiopresidenteibanez.cl\/web\/wp-json\/wp\/v2\/media?parent=27006"}],"wp:term":[{"taxonomy":"category","embeddable":true,"href":"https:\/\/www.radiopresidenteibanez.cl\/web\/wp-json\/wp\/v2\/categories?post=27006"},{"taxonomy":"post_tag","embeddable":true,"href":"https:\/\/www.radiopresidenteibanez.cl\/web\/wp-json\/wp\/v2\/tags?post=27006"}],"curies":[{"name":"wp","href":"https:\/\/api.w.org\/{rel}","templated":true}]}}