{"id":27003,"date":"2022-01-21T11:13:25","date_gmt":"2022-01-21T14:13:25","guid":{"rendered":"https:\/\/www.radiopresidenteibanez.cl\/web\/?p=27003"},"modified":"2022-01-20T21:51:26","modified_gmt":"2022-01-21T00:51:26","slug":"como-incentivar-la-lectura-en-los-mas-pequenos-del-hogar","status":"publish","type":"post","link":"https:\/\/www.radiopresidenteibanez.cl\/web\/como-incentivar-la-lectura-en-los-mas-pequenos-del-hogar\/","title":{"rendered":"\u00bfC\u00d3MO INCENTIVAR LA LECTURA EN LOS M\u00c1S PEQUE\u00d1OS DEL HOGAR?"},"content":{"rendered":"\n<p>En los adultos, padres o\ncuidadores, es muy com\u00fan que ronde la idea de fomentar la lectura en los m\u00e1s\npeque\u00f1os y los veranos se convierten en una excelente oportunidad para\naprovechar el tiempo y destinarlo a la lectura, especialmente en una situaci\u00f3n\ncomo la actual, donde muchos ni\u00f1os vieron retrasado su aprendizaje producto de\nla pandemia.<\/p>\n\n\n\n<p>Si bien fomentar la lectura\nes una tarea que en muchas ocasiones se pone cuesta arriba, es muy importante\nque padres y cuidadores se organicen y logren encontrar el lugar y la forma\nadecuada para incluir la lectura en el d\u00eda a d\u00eda de los ni\u00f1os.<\/p>\n\n\n\n<p>\u201c<strong>La lectura en los ni\u00f1os\ntiene un gran n\u00famero de beneficios, entre ellos destaca la adquisici\u00f3n de\nvocabulario, el desarrollo de la imaginaci\u00f3n y la creatividad, disminuye los\nproblemas de concentraci\u00f3n y aumenta la capacidad de comprensi\u00f3n lectora, una\nherramienta indispensable para todas las personas<\/strong>\u201d, comenta Pelusa\nOrellana, especialista en alfabetizaci\u00f3n y vicedecana de Investigaci\u00f3n de la\nEscuela&nbsp;de Educaci\u00f3n de la Universidad de los Andes.<\/p>\n\n\n\n<p>Por\nlo general, los ni\u00f1os comienzan a aprender a leer alrededor de los seis a\u00f1os;\nsin embargo, no existe una edad espec\u00edfica para esto, por lo que es muy\nimportante fomentar el inter\u00e9s por la lectura antes de su ense\u00f1anza formal en\nla educaci\u00f3n b\u00e1sica. <\/p>\n\n\n\n<p>\u201c<strong>Aun\ncuando los ni\u00f1os todav\u00eda no decodifican ni son lectores aut\u00f3nomos, los padres\npodemos abrirles el horizonte a la lectura para ir despertando la motivaci\u00f3n\npor esta actividad y generando un h\u00e1bito<\/strong>\u201d explica Pelusa Orellana. <\/p>\n\n\n\n<p>En\neste contexto, la acad\u00e9mica de la Universidad de los Andes, entrega algunas\nrecomendaciones que pueden ser \u00fatiles a la hora de &nbsp;fomentar la lectura de los m\u00e1s peque\u00f1os:<\/p>\n\n\n\n<ul class=\"wp-block-list\"><li><strong>Conocer los\nlibros m\u00e1s adecuados para una determinada edad: <\/strong>Cada libro tiene una edad y una tem\u00e1tica recomendada,\npor lo que es bueno, especialmente al inicio de la lectura, que los ni\u00f1os\npuedan contar con libros acordes con sus intereses y capacidades. <\/li><li><strong>Conocer los\ngustos de los ni\u00f1os y crear espacios para la lectura:<\/strong> Esto permitir\u00e1 que los m\u00e1s peque\u00f1os vean la lectura\ncomo un momento de entretenci\u00f3n m\u00e1s que como una tarea u obligaci\u00f3n.<\/li><li><strong>Crear momentos\nde lectura compartida:<\/strong> Si la lectura\nse genera en ambientes compartidos, con padres, hermanos o amigos, esta se\ntransformar\u00e1 en un panorama que buscaran realizar de manera habitual.<\/li><li><strong>Llevar libros\nal lugar de vacaciones: <\/strong>Para as\u00ed\nasegurar que se contar\u00e1 con material de lectura para alg\u00fan momento de este\nper\u00edodo y as\u00ed los ni\u00f1os ver\u00e1n la lectura como una opci\u00f3n clara de entretenci\u00f3n.<\/li><\/ul>\n","protected":false},"excerpt":{"rendered":"<p>En los adultos, padres o cuidadores, es muy com\u00fan que ronde la idea de fomentar la lectura en los m\u00e1s peque\u00f1os y los veranos se convierten en una excelente oportunidad&#8230; <a class=\"read-more\" href=\"https:\/\/www.radiopresidenteibanez.cl\/web\/como-incentivar-la-lectura-en-los-mas-pequenos-del-hogar\/\">Leer m\u00e1s<\/a><\/p>\n","protected":false},"author":2,"featured_media":27004,"comment_status":"closed","ping_status":"closed","sticky":false,"template":"","format":"standard","meta":{"footnotes":""},"categories":[1],"tags":[],"class_list":["post-27003","post","type-post","status-publish","format-standard","has-post-thumbnail","hentry","category-cronica"],"_links":{"self":[{"href":"https:\/\/www.radiopresidenteibanez.cl\/web\/wp-json\/wp\/v2\/posts\/27003","targetHints":{"allow":["GET"]}}],"collection":[{"href":"https:\/\/www.radiopresidenteibanez.cl\/web\/wp-json\/wp\/v2\/posts"}],"about":[{"href":"https:\/\/www.radiopresidenteibanez.cl\/web\/wp-json\/wp\/v2\/types\/post"}],"author":[{"embeddable":true,"href":"https:\/\/www.radiopresidenteibanez.cl\/web\/wp-json\/wp\/v2\/users\/2"}],"replies":[{"embeddable":true,"href":"https:\/\/www.radiopresidenteibanez.cl\/web\/wp-json\/wp\/v2\/comments?post=27003"}],"version-history":[{"count":0,"href":"https:\/\/www.radiopresidenteibanez.cl\/web\/wp-json\/wp\/v2\/posts\/27003\/revisions"}],"wp:featuredmedia":[{"embeddable":true,"href":"https:\/\/www.radiopresidenteibanez.cl\/web\/wp-json\/wp\/v2\/media\/27004"}],"wp:attachment":[{"href":"https:\/\/www.radiopresidenteibanez.cl\/web\/wp-json\/wp\/v2\/media?parent=27003"}],"wp:term":[{"taxonomy":"category","embeddable":true,"href":"https:\/\/www.radiopresidenteibanez.cl\/web\/wp-json\/wp\/v2\/categories?post=27003"},{"taxonomy":"post_tag","embeddable":true,"href":"https:\/\/www.radiopresidenteibanez.cl\/web\/wp-json\/wp\/v2\/tags?post=27003"}],"curies":[{"name":"wp","href":"https:\/\/api.w.org\/{rel}","templated":true}]}}