{"id":270,"date":"2019-01-06T18:13:14","date_gmt":"2019-01-06T18:13:14","guid":{"rendered":"http:\/\/www.radiopresidenteibanez.cl\/web\/?p=270"},"modified":"2019-01-06T18:13:21","modified_gmt":"2019-01-06T18:13:21","slug":"sindicato-de-trabajadores-de-enap-expondra-delicada-situacion-que-atraviesa-la-empresa-ante-la-comision-de-zonas-de-extremas-de-la-camara-de-diputados","status":"publish","type":"post","link":"https:\/\/www.radiopresidenteibanez.cl\/web\/sindicato-de-trabajadores-de-enap-expondra-delicada-situacion-que-atraviesa-la-empresa-ante-la-comision-de-zonas-de-extremas-de-la-camara-de-diputados\/","title":{"rendered":"SINDICATO DE TRABAJADORES DE ENAP EXPONDR\u00c1 DELICADA SITUACI\u00d3N QUE ATRAVIESA LA EMPRESA ANTE LA COMISI\u00d3N DE ZONAS DE EXTREMAS DE LA C\u00c1MARA DE DIPUTADOS"},"content":{"rendered":"\n<p>Gran molestia e incertidumbre\nha generado en los trabajadores de Enap acciones que han sido repudiadas por\nlos dirigentes del petr\u00f3leo, como en el caso de los despidos anunciados la\nventa de la barcaza yagana lo que signific\u00f3 una venta de un activo valioso que\nno se compara con la poca inversi\u00f3n de la estatal en Magallanes. Alejandro\nAvenda\u00f1o, declar\u00f3 que despu\u00e9s de habernos reunidos con el Diputado Gabriel\nBoric en nuestra sede y haber escuchado nuestros argumentos en los tres puntos\nprincipales se acord\u00f3 solicitar una sesi\u00f3n extraordinaria de la comisi\u00f3n Zonas\nExtremas que preside la HD Aracely Leuquen Uribe, solicitud elevada por el\ndiputado y que se concretara este pr\u00f3ximo mi\u00e9rcoles 9 de enero en la sala 312 a\nlas 18:30 horas.<\/p>\n\n\n\n<p>Para nosotros es muy\nimportante poder exponer en dicha comisi\u00f3n nuestros puntos con nuestra mirada\ncomo trabajadores, tanto en los despidos que quieren llevar adelante la\nadministraci\u00f3n y que se basa en la deuda que no desconocemos pero tenemos claro\nque ya en el gobierno anterior ejecutivos que llegaron bajo el gobierno de\nPi\u00f1era llegaron con el mismo discurso alta deuda, despidieron 520 trabajadores\ny vendieron dos activos en el exterior que entregaban utilidades como Primax\nPer\u00fa y no arreglaron la deuda al contrario tambi\u00e9n la aumentaron.<\/p>\n\n\n\n<p>Hay que destacar que a dicha\nsesi\u00f3n est\u00e1n citados a exponer sobre estos mismos temas el Gerente General\nAndres Roccatagliata y el Gerente de Enap Magallanes Rodrigo Bustamante y\nestaremos atentos a sus argumentos que entregaran.<\/p>\n\n\n\n<p>Finalmente se\u00f1alar que han\ntomado contacto con nuestro sindicato el Senador Carlos Bianchi y la Senadora\nCarolina Goic con quien tambi\u00e9n sostuvimos una reuni\u00f3n y nos informaron que el\nd\u00eda mi\u00e9rcoles se har\u00e1n presentes en la sesi\u00f3n de la comisi\u00f3n Zonas\nExtremas,&nbsp; termino se\u00f1alando el m\u00e1ximo\nl\u00edder de los petroleros.<\/p>\n","protected":false},"excerpt":{"rendered":"<p>Gran molestia e incertidumbre ha generado en los trabajadores de Enap acciones que han sido repudiadas por los dirigentes del petr\u00f3leo, como en el caso de los despidos anunciados la&#8230; <a class=\"read-more\" href=\"https:\/\/www.radiopresidenteibanez.cl\/web\/sindicato-de-trabajadores-de-enap-expondra-delicada-situacion-que-atraviesa-la-empresa-ante-la-comision-de-zonas-de-extremas-de-la-camara-de-diputados\/\">Leer m\u00e1s<\/a><\/p>\n","protected":false},"author":2,"featured_media":271,"comment_status":"closed","ping_status":"closed","sticky":false,"template":"","format":"standard","meta":{"footnotes":""},"categories":[3],"tags":[],"class_list":["post-270","post","type-post","status-publish","format-standard","has-post-thumbnail","hentry","category-deportes"],"_links":{"self":[{"href":"https:\/\/www.radiopresidenteibanez.cl\/web\/wp-json\/wp\/v2\/posts\/270","targetHints":{"allow":["GET"]}}],"collection":[{"href":"https:\/\/www.radiopresidenteibanez.cl\/web\/wp-json\/wp\/v2\/posts"}],"about":[{"href":"https:\/\/www.radiopresidenteibanez.cl\/web\/wp-json\/wp\/v2\/types\/post"}],"author":[{"embeddable":true,"href":"https:\/\/www.radiopresidenteibanez.cl\/web\/wp-json\/wp\/v2\/users\/2"}],"replies":[{"embeddable":true,"href":"https:\/\/www.radiopresidenteibanez.cl\/web\/wp-json\/wp\/v2\/comments?post=270"}],"version-history":[{"count":0,"href":"https:\/\/www.radiopresidenteibanez.cl\/web\/wp-json\/wp\/v2\/posts\/270\/revisions"}],"wp:featuredmedia":[{"embeddable":true,"href":"https:\/\/www.radiopresidenteibanez.cl\/web\/wp-json\/wp\/v2\/media\/271"}],"wp:attachment":[{"href":"https:\/\/www.radiopresidenteibanez.cl\/web\/wp-json\/wp\/v2\/media?parent=270"}],"wp:term":[{"taxonomy":"category","embeddable":true,"href":"https:\/\/www.radiopresidenteibanez.cl\/web\/wp-json\/wp\/v2\/categories?post=270"},{"taxonomy":"post_tag","embeddable":true,"href":"https:\/\/www.radiopresidenteibanez.cl\/web\/wp-json\/wp\/v2\/tags?post=270"}],"curies":[{"name":"wp","href":"https:\/\/api.w.org\/{rel}","templated":true}]}}