{"id":26936,"date":"2022-01-18T11:46:44","date_gmt":"2022-01-18T14:46:44","guid":{"rendered":"https:\/\/www.radiopresidenteibanez.cl\/web\/?p=26936"},"modified":"2022-01-17T23:05:50","modified_gmt":"2022-01-18T02:05:50","slug":"carabineros-podran-desplazarse-en-vehiculos-municipales-con-el-fin-de-aumentar-cobertura-frente-a-incivilidades","status":"publish","type":"post","link":"https:\/\/www.radiopresidenteibanez.cl\/web\/carabineros-podran-desplazarse-en-vehiculos-municipales-con-el-fin-de-aumentar-cobertura-frente-a-incivilidades\/","title":{"rendered":"CARABINEROS PODR\u00c1N DESPLAZARSE EN VEH\u00cdCULOS MUNICIPALES CON EL FIN DE AUMENTAR COBERTURA FRENTE A INCIVILIDADES"},"content":{"rendered":"\n<p>&nbsp;El pasado fin de semana, se desarroll\u00f3 el primer patrullaje conjunto entre Carabineros y Seguridad P\u00fablica Municipal, iniciativa que busca colaborar en los tiempos de respuesta frente a diversos hechos, principalmente vinculados a incivilidades que se presentan en nuestra comuna en horas de la noche.<\/p>\n\n\n\n<p>Seg\u00fan palabras del Alcalde Radonich, \u201cesto era muy necesario, ya que actualmente, tenemos un problema muy importante sobre todo con la sensaci\u00f3n de inseguridad vinculado principalmente a las carreras clandestinas, el micro tr\u00e1fico de drogas, incivilidades y ruidos molestos que se concentran generalmente en la noche, raz\u00f3n por la cual los procedimientos policiales de rutina hacen que la dotaci\u00f3n de veh\u00edculos baje de forma sustancial\u201d.<\/p>\n\n\n\n<p>\u201cEs por ello, que propusimos firmar un convenio con Carabineros, con el fin de que puedan ocupar nuestras camionetas para el desplazamiento y as\u00ed compensar la falta de veh\u00edculos policiales o aumentar la cobertura cuando es necesario\u201d, explic\u00f3 el jefe comunal.<\/p>\n\n\n\n<p>Por su parte, el capit\u00e1n de Carabineros, Fernando Qui\u00f1i\u00f1ir, agreg\u00f3 que \u201cde un tiempo a esta parte, hemos desarrollado varias reuniones de coordinaci\u00f3n con la Municipalidad, aparte del trabajo permanente entre ambas instituciones, lo que signific\u00f3 la concreci\u00f3n de un convenio, vinculado a poder atender de mejor manera los requerimientos de la comunidad en el \u00e1rea operativa, patrullajes preventivos y tambi\u00e9n situaciones que se presentan al fono de seguridad p\u00fablica municipal\u201d.<\/p>\n\n\n\n<p>Este trabajo colaborativo, potencia la alianza ya desarrollada por ambas instituciones, &nbsp;concretando la firma de un convenio hace algunos d\u00edas, y generando la marcha blanca del trabajo en terreno el pasado fin de semana, con aquellos funcionarios que trabajar\u00e1n en turnos mixtos para poder abarcar diversas situaciones vinculadas a la seguridad p\u00fablica de nuestra comuna.<\/p>\n\n\n\n<p>Finalmente, la autoridad local reiter\u00f3 su llamado a utilizar de buena manera la l\u00ednea gratuita 800 800 134 y colaborar en mantener una ciudad segura entre todos los habitantes de Punta Arenas<\/p>\n","protected":false},"excerpt":{"rendered":"<p>&nbsp;El pasado fin de semana, se desarroll\u00f3 el primer patrullaje conjunto entre Carabineros y Seguridad P\u00fablica Municipal, iniciativa que busca colaborar en los tiempos de respuesta frente a diversos hechos,&#8230; <a class=\"read-more\" href=\"https:\/\/www.radiopresidenteibanez.cl\/web\/carabineros-podran-desplazarse-en-vehiculos-municipales-con-el-fin-de-aumentar-cobertura-frente-a-incivilidades\/\">Leer m\u00e1s<\/a><\/p>\n","protected":false},"author":2,"featured_media":26937,"comment_status":"closed","ping_status":"closed","sticky":false,"template":"","format":"standard","meta":{"footnotes":""},"categories":[1],"tags":[],"class_list":["post-26936","post","type-post","status-publish","format-standard","has-post-thumbnail","hentry","category-cronica"],"_links":{"self":[{"href":"https:\/\/www.radiopresidenteibanez.cl\/web\/wp-json\/wp\/v2\/posts\/26936","targetHints":{"allow":["GET"]}}],"collection":[{"href":"https:\/\/www.radiopresidenteibanez.cl\/web\/wp-json\/wp\/v2\/posts"}],"about":[{"href":"https:\/\/www.radiopresidenteibanez.cl\/web\/wp-json\/wp\/v2\/types\/post"}],"author":[{"embeddable":true,"href":"https:\/\/www.radiopresidenteibanez.cl\/web\/wp-json\/wp\/v2\/users\/2"}],"replies":[{"embeddable":true,"href":"https:\/\/www.radiopresidenteibanez.cl\/web\/wp-json\/wp\/v2\/comments?post=26936"}],"version-history":[{"count":0,"href":"https:\/\/www.radiopresidenteibanez.cl\/web\/wp-json\/wp\/v2\/posts\/26936\/revisions"}],"wp:featuredmedia":[{"embeddable":true,"href":"https:\/\/www.radiopresidenteibanez.cl\/web\/wp-json\/wp\/v2\/media\/26937"}],"wp:attachment":[{"href":"https:\/\/www.radiopresidenteibanez.cl\/web\/wp-json\/wp\/v2\/media?parent=26936"}],"wp:term":[{"taxonomy":"category","embeddable":true,"href":"https:\/\/www.radiopresidenteibanez.cl\/web\/wp-json\/wp\/v2\/categories?post=26936"},{"taxonomy":"post_tag","embeddable":true,"href":"https:\/\/www.radiopresidenteibanez.cl\/web\/wp-json\/wp\/v2\/tags?post=26936"}],"curies":[{"name":"wp","href":"https:\/\/api.w.org\/{rel}","templated":true}]}}