{"id":26890,"date":"2022-01-14T11:24:00","date_gmt":"2022-01-14T14:24:00","guid":{"rendered":"https:\/\/www.radiopresidenteibanez.cl\/web\/?p=26890"},"modified":"2022-01-14T10:38:57","modified_gmt":"2022-01-14T13:38:57","slug":"asociacion-de-funcionarios-afas-magallanes-solicita-apoyo-a-comunidad-ante-alza-de-casos-de-covid-19","status":"publish","type":"post","link":"https:\/\/www.radiopresidenteibanez.cl\/web\/asociacion-de-funcionarios-afas-magallanes-solicita-apoyo-a-comunidad-ante-alza-de-casos-de-covid-19\/","title":{"rendered":"ASOCIACI\u00d3N DE FUNCIONARIOS AFAS MAGALLANES SOLICITA APOYO A COMUNIDAD ANTE ALZA DE CASOS DE COVID-19"},"content":{"rendered":"\n<p>Como es de conocimiento p\u00fablico,\nestas \u00faltimas 2 semanas ha habido un crecimiento exponencial de los casos de\nCOVID-19 en nuestra regi\u00f3n, lo que ha mermado completamente la posibilidad de\nrealizar una trazabilidad en los tiempos de respuesta adecuados. El d\u00eda de ayer\n13 de enero, hab\u00eda 1.074 casos activos con un atraso de alrededor de 600 casos\npor trazar y casi 400 para hoy con s\u00f3lo 9 trazadores. <\/p>\n\n\n\n<p>La comunidad demanda respuestas ya\nque al no ser trazada no cuentan con la licencia m\u00e9dica correspondiente y tenemos\nconstantes llamados y reclamos ya que no damos abasto.<\/p>\n\n\n\n<p>Uds. como medios de comunicaci\u00f3n hace\nun tiempo tuvieron conocimiento, de nuestras demandas por la desvinculaci\u00f3n\ninminente de todo el personal contratado por c\u00f3digo del trabajo, momento en el\ncual tuvimos que ir en la defensa de estos trabajadores\/as para poder mantener\na flote varias de las estrategias quedando un n\u00famero reducido de personal para\npoder continuar nuestro trabajo.<\/p>\n\n\n\n<p>Ante la respuesta de Ministerio en\nese entonces, se tuvo que solicitar apoyo al Gobierno Regional para mantener\npersonal en estrategias como CAD, testeo, trazabilidad y barreras sanitarias;\npersonal externo que vino a apoyar y el que fue contratado a trav\u00e9s de una\nFundaci\u00f3n sin fines de lucro. Lo que actualmente, tambi\u00e9n ha terminado.<\/p>\n\n\n\n<p>Hoy estamos viviendo una nueva ola de\ncasos y ante esta emergencia la respuesta ha sido lenta y poco operativa por\nparte del nivel central al cual estamos supeditados y; por lo tanto, necesitamos\nsoluciones hoy y respuestas para la comunidad, ya que en este escenario no\ntenemos capacidad para realizar la trazabilidad de los casos con la funci\u00f3n con\nla que fue creada, es decir, poder contener que existan m\u00e1s casos.<\/p>\n\n\n\n<p>Solicitamos encarecidamente la\ncomprensi\u00f3n de los empleadores para con sus colaboradores, dando las\nfacilidades para aislarse ante un examen positivo de COVID-19 o a la espera del\nresultado si el trabajador presenta s\u00edntomas. Estamos haciendo lo humanamente\nposible para dar una respuesta y tramitar sus licencias y responder a sus\ndemandas.<\/p>\n\n\n\n<p>Le pedimos tambi\u00e9n a la comunidad\nextremar las medidas sanitarias de distanciamiento social, lavado de manos, uso\nde mascarilla de forma correcta y ventilaci\u00f3n casa habitaci\u00f3n y lugares de\ntrabajo y acudir a los puntos de vacunaci\u00f3n cuando les toque, ya que la\nprevenci\u00f3n es la mayor estrategia contra el COVID-19 y la vacunaci\u00f3n ha\ndemostrado hasta ahora ser efectiva disminuyendo la aparici\u00f3n de casos graves.<\/p>\n","protected":false},"excerpt":{"rendered":"<p>Como es de conocimiento p\u00fablico, estas \u00faltimas 2 semanas ha habido un crecimiento exponencial de los casos de COVID-19 en nuestra regi\u00f3n, lo que ha mermado completamente la posibilidad de&#8230; <a class=\"read-more\" href=\"https:\/\/www.radiopresidenteibanez.cl\/web\/asociacion-de-funcionarios-afas-magallanes-solicita-apoyo-a-comunidad-ante-alza-de-casos-de-covid-19\/\">Leer m\u00e1s<\/a><\/p>\n","protected":false},"author":2,"featured_media":26891,"comment_status":"closed","ping_status":"closed","sticky":false,"template":"","format":"standard","meta":{"footnotes":""},"categories":[1],"tags":[],"class_list":["post-26890","post","type-post","status-publish","format-standard","has-post-thumbnail","hentry","category-cronica"],"_links":{"self":[{"href":"https:\/\/www.radiopresidenteibanez.cl\/web\/wp-json\/wp\/v2\/posts\/26890","targetHints":{"allow":["GET"]}}],"collection":[{"href":"https:\/\/www.radiopresidenteibanez.cl\/web\/wp-json\/wp\/v2\/posts"}],"about":[{"href":"https:\/\/www.radiopresidenteibanez.cl\/web\/wp-json\/wp\/v2\/types\/post"}],"author":[{"embeddable":true,"href":"https:\/\/www.radiopresidenteibanez.cl\/web\/wp-json\/wp\/v2\/users\/2"}],"replies":[{"embeddable":true,"href":"https:\/\/www.radiopresidenteibanez.cl\/web\/wp-json\/wp\/v2\/comments?post=26890"}],"version-history":[{"count":0,"href":"https:\/\/www.radiopresidenteibanez.cl\/web\/wp-json\/wp\/v2\/posts\/26890\/revisions"}],"wp:featuredmedia":[{"embeddable":true,"href":"https:\/\/www.radiopresidenteibanez.cl\/web\/wp-json\/wp\/v2\/media\/26891"}],"wp:attachment":[{"href":"https:\/\/www.radiopresidenteibanez.cl\/web\/wp-json\/wp\/v2\/media?parent=26890"}],"wp:term":[{"taxonomy":"category","embeddable":true,"href":"https:\/\/www.radiopresidenteibanez.cl\/web\/wp-json\/wp\/v2\/categories?post=26890"},{"taxonomy":"post_tag","embeddable":true,"href":"https:\/\/www.radiopresidenteibanez.cl\/web\/wp-json\/wp\/v2\/tags?post=26890"}],"curies":[{"name":"wp","href":"https:\/\/api.w.org\/{rel}","templated":true}]}}