{"id":26881,"date":"2022-01-14T09:37:28","date_gmt":"2022-01-14T12:37:28","guid":{"rendered":"https:\/\/www.radiopresidenteibanez.cl\/web\/?p=26881"},"modified":"2022-01-14T09:50:39","modified_gmt":"2022-01-14T12:50:39","slug":"movimiento-por-la-dignidad","status":"publish","type":"post","link":"https:\/\/www.radiopresidenteibanez.cl\/web\/movimiento-por-la-dignidad\/","title":{"rendered":"Movimiento por la Dignidad"},"content":{"rendered":"\n<p>Comunicamos la triste partida de nuestro querido compa\u00f1ero Alberto \u00abTata\u00bb Velasquez. <\/p>\n\n\n\n<p>Un compa\u00f1ero incansable, de gran valor humano y social. Nos deja un compa\u00f1ero de lucha, que sin duda ha dejado huellas en cada una de las personas que tuvieron el privilegio de compartir con \u00e9l. <\/p>\n\n\n\n<p>Alberto fue parte esencial en la educaci\u00f3n c\u00edvica y pol\u00edtica para muchos espacios, como este mismo, que se construy\u00f3 en medio de las protestas, contando siempre con su sabidur\u00eda y  trabajo profesional, conocedor de Leyes y Filosof\u00eda, el Tata siempre estuvo dispuesto a servir a sus compa\u00f1eros e ideales, \u00abEl ABOGADO DEL PUEBLO\u00bb, el defensor eterno de nuestros compa\u00f1eros y nuestras compa\u00f1eras con quienes siempre solidariz\u00f3 sobre todo si de algo legal se trataba. Y pesar de ser atacado, amenazado, hostigado por quienes pregonan el fascismo, jam\u00e1s claudic\u00f3 su trabajo por la construcci\u00f3n de un mundo nuevo, siempre fiel a sus ideas y a cada unx de sus compa\u00f1erxs. Hoy ser\u00e1 velado desde las 12:00 hrs. En el centro cultural AT ATOJA, espacio anarquista como nuestro querido compa\u00f1ero. Ubicado en Mart\u00ednez de Aldunate 1465 al lado de la Compa\u00f1\u00eda de bomberos. Para a las 15:00 ser trasladado al cementerio municipal.<\/p>\n\n\n\n<p>Nuestras sinceras y afectuosas condolencias para su familia, amigxs, a su compa\u00f1era, y compa\u00f1erxs. Te abrazamos en la eternidad querido Tata, gracias por tu entrega. \u00abLlevamos un mundo nuevo en nuestros corazones. Y crece a cada instante&#8230;\u00bbNo pararemos hasta cosntruirlo Hasta que la dignidad se haga costumbre! GRACIAS TATA!! <\/p>\n","protected":false},"excerpt":{"rendered":"<p>Comunicamos la triste partida de nuestro querido compa\u00f1ero Alberto \u00abTata\u00bb Velasquez. Un compa\u00f1ero incansable, de gran valor humano y social. Nos deja un compa\u00f1ero de lucha, que sin duda ha&#8230; <a class=\"read-more\" href=\"https:\/\/www.radiopresidenteibanez.cl\/web\/movimiento-por-la-dignidad\/\">Leer m\u00e1s<\/a><\/p>\n","protected":false},"author":2,"featured_media":26882,"comment_status":"closed","ping_status":"closed","sticky":false,"template":"","format":"standard","meta":{"footnotes":""},"categories":[1],"tags":[],"class_list":["post-26881","post","type-post","status-publish","format-standard","has-post-thumbnail","hentry","category-cronica"],"_links":{"self":[{"href":"https:\/\/www.radiopresidenteibanez.cl\/web\/wp-json\/wp\/v2\/posts\/26881","targetHints":{"allow":["GET"]}}],"collection":[{"href":"https:\/\/www.radiopresidenteibanez.cl\/web\/wp-json\/wp\/v2\/posts"}],"about":[{"href":"https:\/\/www.radiopresidenteibanez.cl\/web\/wp-json\/wp\/v2\/types\/post"}],"author":[{"embeddable":true,"href":"https:\/\/www.radiopresidenteibanez.cl\/web\/wp-json\/wp\/v2\/users\/2"}],"replies":[{"embeddable":true,"href":"https:\/\/www.radiopresidenteibanez.cl\/web\/wp-json\/wp\/v2\/comments?post=26881"}],"version-history":[{"count":0,"href":"https:\/\/www.radiopresidenteibanez.cl\/web\/wp-json\/wp\/v2\/posts\/26881\/revisions"}],"wp:featuredmedia":[{"embeddable":true,"href":"https:\/\/www.radiopresidenteibanez.cl\/web\/wp-json\/wp\/v2\/media\/26882"}],"wp:attachment":[{"href":"https:\/\/www.radiopresidenteibanez.cl\/web\/wp-json\/wp\/v2\/media?parent=26881"}],"wp:term":[{"taxonomy":"category","embeddable":true,"href":"https:\/\/www.radiopresidenteibanez.cl\/web\/wp-json\/wp\/v2\/categories?post=26881"},{"taxonomy":"post_tag","embeddable":true,"href":"https:\/\/www.radiopresidenteibanez.cl\/web\/wp-json\/wp\/v2\/tags?post=26881"}],"curies":[{"name":"wp","href":"https:\/\/api.w.org\/{rel}","templated":true}]}}