{"id":26869,"date":"2022-01-13T15:47:00","date_gmt":"2022-01-13T18:47:00","guid":{"rendered":"https:\/\/www.radiopresidenteibanez.cl\/web\/?p=26869"},"modified":"2022-01-13T11:20:24","modified_gmt":"2022-01-13T14:20:24","slug":"agencia-de-sustentabilidad-y-cambio-climatico-aprueba-acuerdo-de-produccion-limpia-en-materia-portuaria","status":"publish","type":"post","link":"https:\/\/www.radiopresidenteibanez.cl\/web\/agencia-de-sustentabilidad-y-cambio-climatico-aprueba-acuerdo-de-produccion-limpia-en-materia-portuaria\/","title":{"rendered":"AGENCIA DE SUSTENTABILIDAD Y CAMBIO CLIMATICO APRUEBA ACUERDO DE PRODUCCION LIMPIA EN MATERIA PORTUARIA"},"content":{"rendered":"\n<p>La Agencia de Sustentabilidad y Cambio Clim\u00e1tico aprob\u00f3 la \u201cManifestaci\u00f3n de Inter\u00e9s\u201d para&nbsp;generar un Acuerdo de Producci\u00f3n Limpia (APL), ingresado recientemente por el Sistema de Empresas P\u00fablicas&nbsp;(SEP), titulado \u201cEst\u00e1ndar de Sostenibilidad para los Puertos de Chile\u201d. Gesti\u00f3n, ampliamente participativa, y que tiene como&nbsp;prop\u00f3sito&nbsp;optimizar&nbsp;las&nbsp;operaciones&nbsp;portuarias&nbsp;en&nbsp;materia&nbsp;ambiental,&nbsp;social&nbsp;y&nbsp;econ\u00f3mica.<\/p>\n\n\n\n<p>La propuesta, impulsada por el Ministerio de Transportes y Telecomunicaciones, la Fundaci\u00f3n Conecta Log\u00edstica, la&nbsp;Agencia&nbsp;de&nbsp;Sustentabilidad&nbsp;y&nbsp;Cambio&nbsp;Clim\u00e1tico&nbsp;(ASCC),&nbsp;la&nbsp;C\u00e1mara&nbsp;Mar\u00edtima&nbsp;y&nbsp;Portuaria&nbsp;de&nbsp;Chile&nbsp;CAMPORT&nbsp;y&nbsp;el&nbsp;SEP,&nbsp;busca integrar en un solo instrumento el procedimiento para obtener distintas certificaciones ambientales que existen&nbsp;&nbsp;a&nbsp;nivel&nbsp;nacional&nbsp;e&nbsp;internacional,&nbsp;otorgadas&nbsp;por&nbsp;distintas&nbsp;entidades&nbsp;de&nbsp;prestigio.<\/p>\n\n\n\n<p>\u201cContar con un acuerdo estandarizado de certificaci\u00f3n ambiental, al cual podr\u00e1n adherirse todos los puertos, facilitar\u00e1 tanto en tiempo como en recursos econ\u00f3micos, la obtenci\u00f3n de certificaciones nacionales como internacionales,&nbsp;fortaleciendo el desarrollo sostenible de la actividad portuaria y la adaptaci\u00f3n al cambio clim\u00e1tico, lo que mejorar\u00e1 su&nbsp;posicionamiento&nbsp;en&nbsp;los&nbsp;mercados&nbsp;que&nbsp;operan\u201d,&nbsp;se\u00f1al\u00f3&nbsp;el&nbsp;<strong>subsecretario&nbsp;de&nbsp;Transportes,&nbsp;Jos\u00e9&nbsp;Luis&nbsp;Dom\u00ednguez.<\/strong><\/p>\n\n\n\n<p>El \u201cEst\u00e1ndar de Sostenibilidad para los puertos de Chile\u201d, se constituye como APL, aprovechando y reforzando el&nbsp;car\u00e1cter estrat\u00e9gico que estos instrumentos han tenido desde hace ya una d\u00e9cada. El incorporar acreditaciones y&nbsp;metas en forma escalonada, permitir\u00e1 facilitar la obtenci\u00f3n de distintas certificaciones, que actualmente se gestionan&nbsp;de&nbsp;forma individual.<\/p>\n\n\n\n<p><strong>Giovanni Calder\u00f3n, director ejecutivo de la Agencia de Sustentabilidad y Cambio Clim\u00e1tico (ASCC<\/strong>), indic\u00f3 que \u201cel&nbsp;Consejo Directivo de la ASCC aprob\u00f3 la Manifestaci\u00f3n de Inter\u00e9s de este APL. Ahora lo que viene es pasar a la fase&nbsp;de&nbsp;negociaci\u00f3n,&nbsp;en&nbsp;donde&nbsp;se&nbsp;revisar\u00e1&nbsp;el&nbsp;esquema&nbsp;de&nbsp;certificaci\u00f3n&nbsp;y&nbsp;se&nbsp;validar\u00e1n&nbsp;las&nbsp;metas&nbsp;y&nbsp;acciones&nbsp;junto&nbsp;al&nbsp;Sistema&nbsp;&nbsp;de Empresas, la C\u00e1mara Mar\u00edtima y Portuaria, el Ministerio de Transportes y Telecomunicaciones, y otros actores de&nbsp;inter\u00e9s.&nbsp;Posteriormente,&nbsp;esperamos en&nbsp;el&nbsp;primer&nbsp;trimestre&nbsp;del&nbsp;2022,&nbsp;se&nbsp;firme&nbsp;el&nbsp;APL por&nbsp;parte&nbsp;de&nbsp;las&nbsp;entidades&nbsp;p\u00fablicas&nbsp;y privadas, el cual permitir\u00e1 a las empresas enfrentar los exigentes contextos comerciales y ambientales, agregando&nbsp;valor&nbsp;a&nbsp;sus&nbsp;clientes y&nbsp;aportando&nbsp;a&nbsp;los&nbsp;compromisos pa\u00eds&nbsp;de&nbsp;Cambio&nbsp;Clim\u00e1tico&nbsp;y ODS\u201d.<\/p>\n\n\n\n<p>La estructura de dicho est\u00e1ndar contempla variables de flexibilidad con el prop\u00f3sito que cada puerto desarrolle las&nbsp;acciones&nbsp;necesarias&nbsp;para&nbsp;conseguir&nbsp;certificaciones,&nbsp;de&nbsp;acuerdo&nbsp;con&nbsp;sus&nbsp;propias&nbsp;condiciones,&nbsp;entorno&nbsp;y&nbsp;realidad.<\/p>\n","protected":false},"excerpt":{"rendered":"<p>La Agencia de Sustentabilidad y Cambio Clim\u00e1tico aprob\u00f3 la \u201cManifestaci\u00f3n de Inter\u00e9s\u201d para&nbsp;generar un Acuerdo de Producci\u00f3n Limpia (APL), ingresado recientemente por el Sistema de Empresas P\u00fablicas&nbsp;(SEP), titulado \u201cEst\u00e1ndar de&#8230; <a class=\"read-more\" href=\"https:\/\/www.radiopresidenteibanez.cl\/web\/agencia-de-sustentabilidad-y-cambio-climatico-aprueba-acuerdo-de-produccion-limpia-en-materia-portuaria\/\">Leer m\u00e1s<\/a><\/p>\n","protected":false},"author":2,"featured_media":26870,"comment_status":"closed","ping_status":"closed","sticky":false,"template":"","format":"standard","meta":{"footnotes":""},"categories":[1],"tags":[],"class_list":["post-26869","post","type-post","status-publish","format-standard","has-post-thumbnail","hentry","category-cronica"],"_links":{"self":[{"href":"https:\/\/www.radiopresidenteibanez.cl\/web\/wp-json\/wp\/v2\/posts\/26869","targetHints":{"allow":["GET"]}}],"collection":[{"href":"https:\/\/www.radiopresidenteibanez.cl\/web\/wp-json\/wp\/v2\/posts"}],"about":[{"href":"https:\/\/www.radiopresidenteibanez.cl\/web\/wp-json\/wp\/v2\/types\/post"}],"author":[{"embeddable":true,"href":"https:\/\/www.radiopresidenteibanez.cl\/web\/wp-json\/wp\/v2\/users\/2"}],"replies":[{"embeddable":true,"href":"https:\/\/www.radiopresidenteibanez.cl\/web\/wp-json\/wp\/v2\/comments?post=26869"}],"version-history":[{"count":0,"href":"https:\/\/www.radiopresidenteibanez.cl\/web\/wp-json\/wp\/v2\/posts\/26869\/revisions"}],"wp:featuredmedia":[{"embeddable":true,"href":"https:\/\/www.radiopresidenteibanez.cl\/web\/wp-json\/wp\/v2\/media\/26870"}],"wp:attachment":[{"href":"https:\/\/www.radiopresidenteibanez.cl\/web\/wp-json\/wp\/v2\/media?parent=26869"}],"wp:term":[{"taxonomy":"category","embeddable":true,"href":"https:\/\/www.radiopresidenteibanez.cl\/web\/wp-json\/wp\/v2\/categories?post=26869"},{"taxonomy":"post_tag","embeddable":true,"href":"https:\/\/www.radiopresidenteibanez.cl\/web\/wp-json\/wp\/v2\/tags?post=26869"}],"curies":[{"name":"wp","href":"https:\/\/api.w.org\/{rel}","templated":true}]}}